{"id":153903,"date":"2023-09-09T16:33:00","date_gmt":"2023-09-09T20:33:00","guid":{"rendered":"https:\/\/bobvarela.com\/?p=153903"},"modified":"2023-09-09T16:33:00","modified_gmt":"2023-09-09T20:33:00","slug":"david-antonio-coleccion-como-pez-en-el-agua","status":"publish","type":"post","link":"https:\/\/bobvarela.com\/?p=153903","title":{"rendered":"David Antonio   Coleccion Como Pez en el Agua"},"content":{"rendered":"<p align=\"justify\"><font size=\"3\">David Antonio, celebro este mes de agosto del 2023, 40 a\u00f1os en la industria de la moda. El Evento del 40 Aniversario fue el 31 de agosto en el Hotel Condado Vanderbilt. El desfile fue a beneficio del Hogar Cuna San Crist\u00f3bal.<\/font><\/p>\n<p align=\"justify\"><font size=\"3\">Bautiza este aniversario, \u201cComo pez en el agua.\u201d Y sin \u00e1nimo de desalentar seguidores, aclara que la colecci\u00f3n de aniversario no es marina ni acu\u00e1tica. Tampoco contempla ba\u00f1adores. La frase la utiliza para describir su especial momento en tiempo y espacio. No es una carrera f\u00e1cil. Viniendo de una cuna humilde, las cosas no necesariamente fueron siempre color de rosa. Se encontr\u00f3 con obst\u00e1culos a lo largo de 40 a\u00f1os a los que siempre le puso su mejor cara y una sonrisa. Pero ha sido bien duro, dice este talentoso artista, \u201cllegar a San Juan de la nada, sin padrinos, y abrir un taller donde no solo haces arte y recibes clientes, sino que tienes la responsabilidad de crear empleos y proveer una fuente de ingreso fijo a un grupo de costureras, bordadores y otros empleados es un gran reto.\u201d<\/font><\/p>\n<p align=\"justify\"><font size=\"3\">\u201cAs\u00ed que hoy celebro en grande muchas cosas,\u201d dijo David Antonio. \u201cMe siento como pez en el agua. Ahora tengo la seguridad y la experiencia. Ahora atesoro lecciones y bendiciones. Asimilo las cosas con m\u00e1s calma. Y con Dios por delante, s\u00e9 que puedo con todo.\u201d<\/font><\/p>\n<p align=\"justify\"><font size=\"3\">Entre las lecciones m\u00e1s recientes est\u00e1n el Hurac\u00e1n Mar\u00eda y la pandemia. Dos ocasiones en las que tuvo que cerrar la operaci\u00f3n de su taller, lo que no s\u00f3lo fue un golpe econ\u00f3mico, sino emocional.<\/font><\/p>\n<p align=\"justify\"><font size=\"3\">\u201cMar\u00eda me destroz\u00f3 la tienda de Paseo Caribe, lo perd\u00ed todo&#8221;, recuerda. \u201cLa pandemia fue un receso, no dej\u00e9 de trabajar, pero no pod\u00eda tener a mis empleados. Estaba s\u00f3lo. Las clientas no pod\u00edan comprar. No hab\u00eda actividades.\u201d<\/font><\/p>\n<p align=\"justify\"><font size=\"3\">Y el artista se reinvent\u00f3. David Antonio utiliz\u00f3 el receso de la pandemia para crear inventario, pintar, dibujar, hacer carteras, accesorios, y cosas para las que realmente no tiene el tiempo que quisiera regularmente. Las carteras y los bolsos que hizo los enumer\u00f3 para la historia, explica. \u201cD\u00eda 1, D\u00eda 2, y as\u00ed sucesivamente. A cada pieza le amarr\u00e9 un mensajito.\u201d<\/font><\/p>\n<p align=\"justify\"><font size=\"3\">David Antonio es muy espiritual. Encuentra paz en su hogar y busca balance en la playa. Es adicto al ejercicio, la disciplina y la comida sana. Disfruta el arte, el teatro, la danza y la m\u00fasica, Igualmente utiliza la nueva tecnolog\u00eda, maneja la visibilidad que generan las redes sociales y el contacto que promueven con diversas generaciones. En los m\u00e1s j\u00f3venes busca conocer su perspectiva, \u201ces fabuloso ver el mundo desde otros ojos, conocer lo que piensan.\u201d<\/font><\/p>\n<p align=\"justify\">ngg_shortcode_0_placeholder<\/p>\n<p align=\"justify\"><font size=\"3\"><br \/><\/font><\/p>\n","protected":false},"excerpt":{"rendered":"<p>David Antonio, celebro este mes de agosto del 2023, 40 a\u00f1os en la industria de la moda. El Evento del 40 Aniversario fue el 31 de agosto en el Hotel Condado Vanderbilt. El desfile fue a beneficio del Hogar Cuna&hellip;<\/p>\n<p class=\"more-link-p\"><a class=\"more-link\" href=\"https:\/\/bobvarela.com\/?p=153903\">Read more &rarr;<\/a><\/p>\n","protected":false},"author":1,"featured_media":0,"comment_status":"open","ping_status":"open","sticky":false,"template":"","format":"standard","meta":{"ngg_post_thumbnail":0,"footnotes":""},"categories":[4,295],"tags":[],"class_list":["post-153903","post","type-post","status-publish","format-standard","hentry","category-moda","category-puerto-rico"],"_links":{"self":[{"href":"https:\/\/bobvarela.com\/index.php?rest_route=\/wp\/v2\/posts\/153903","targetHints":{"allow":["GET"]}}],"collection":[{"href":"https:\/\/bobvarela.com\/index.php?rest_route=\/wp\/v2\/posts"}],"about":[{"href":"https:\/\/bobvarela.com\/index.php?rest_route=\/wp\/v2\/types\/post"}],"author":[{"embeddable":true,"href":"https:\/\/bobvarela.com\/index.php?rest_route=\/wp\/v2\/users\/1"}],"replies":[{"embeddable":true,"href":"https:\/\/bobvarela.com\/index.php?rest_route=%2Fwp%2Fv2%2Fcomments&post=153903"}],"version-history":[{"count":1,"href":"https:\/\/bobvarela.com\/index.php?rest_route=\/wp\/v2\/posts\/153903\/revisions"}],"predecessor-version":[{"id":153904,"href":"https:\/\/bobvarela.com\/index.php?rest_route=\/wp\/v2\/posts\/153903\/revisions\/153904"}],"wp:attachment":[{"href":"https:\/\/bobvarela.com\/index.php?rest_route=%2Fwp%2Fv2%2Fmedia&parent=153903"}],"wp:term":[{"taxonomy":"category","embeddable":true,"href":"https:\/\/bobvarela.com\/index.php?rest_route=%2Fwp%2Fv2%2Fcategories&post=153903"},{"taxonomy":"post_tag","embeddable":true,"href":"https:\/\/bobvarela.com\/index.php?rest_route=%2Fwp%2Fv2%2Ftags&post=153903"}],"curies":[{"name":"wp","href":"https:\/\/api.w.org\/{rel}","templated":true}]}}