{"id":154022,"date":"2023-09-10T09:50:51","date_gmt":"2023-09-10T13:50:51","guid":{"rendered":"https:\/\/bobvarela.com\/?p=154022"},"modified":"2023-09-10T09:50:51","modified_gmt":"2023-09-10T13:50:51","slug":"giorgio-armani-one-night-only-venezia-fashion-show","status":"publish","type":"post","link":"https:\/\/bobvarela.com\/?p=154022","title":{"rendered":"Giorgio Armani One Night Only Venezia Fashion Show"},"content":{"rendered":"<p align=\"justify\"><font size=\"3\">Giorgio Armani, el legendario dise\u00f1ador de moda, ha demostrado una vez m\u00e1s que la edad es solo un n\u00famero. A la edad de 89 a\u00f1os, contin\u00faa exudando encanto y elegancia, comandando el mismo poder estelar que lo ha convertido en un \u00edcono en el mundo de la moda durante d\u00e9cadas. Acertadamente conocido como &#8220;Rey Giorgio&#8221;, su reciente aparici\u00f3n en Venecia para el evento &#8220;Giorgio Armani One Night Only Venezia&#8221; dej\u00f3 a los asistentes y fan\u00e1ticos asombrados de su gracia atemporal.<\/font><\/p>\n<p align=\"justify\"><font size=\"3\">El evento, celebrado en celebraci\u00f3n del 80\u00ba Festival Internacional de Cine de Venecia, mostr\u00f3 la conexi\u00f3n duradera de Armani con la industria cinematogr\u00e1fica. Si bien la huelga en curso de SAG-AFTRA impidi\u00f3 que muchas celebridades de Hollywood asistieran, la primera fila todav\u00eda estaba agraciada por pesos pesados como Sophia Loren, Jessica Chastain, Luca Guadagnino, Benicio del Toro, Kerry Washington, Ava DuVernay y los rompecorazones Reg\u00e9-Jean Page, Louis Garrel y Jesse Williams, que ten\u00edan fan\u00e1ticos clamando por selfies.<\/font><\/p>\n<p align=\"justify\"><font size=\"3\">El punto culminante de la noche fue el desfile de moda Armani Priv\u00e9, que tuvo lugar en el gran espacio del siglo 16 de la Tese delle Nappe en el Arsenale. El espect\u00e1culo, meticulosamente supervisado por el propio dise\u00f1ador, fue un espect\u00e1culo visual, realzado por la iluminaci\u00f3n m\u00e1gica que transform\u00f3 el lugar hist\u00f3rico en un reino de fantas\u00eda.<\/font><\/p>\n<p align=\"justify\"><font size=\"3\">El fin de semana de festividades previas al desfile de moda fue nada menos que extravagante. Los invitados disfrutaron de una inmersi\u00f3n total en el glamour, comenzando con c\u00f3cteles a bordo del superyate negro de 65 metros de Armani, Ma\u00ecn. Sigui\u00f3 una elegante cena a la luz de las velas, celebrada en los claustros privados de la iglesia de Santa Maria dell&#8217;Orto. Suntuosos almuerzos en Harry&#8217;s Bar, acompa\u00f1ados de actividades opcionales de remo, completaron las delicias gastron\u00f3micas.<\/font><\/p>\n<p align=\"justify\"><font size=\"3\">En una conferencia de prensa antes del espect\u00e1culo, Giorgio Armani mostr\u00f3 un lado m\u00e1s emocional debajo de su habitual sentido del humor seco y aguda cr\u00edtica. Expres\u00f3 su profundo agradecimiento por la c\u00e1lida bienvenida que recibi\u00f3 de la gente de Venecia, relatando un conmovedor encuentro con una anciana veneciana que quer\u00eda tomarse una selfie con \u00e9l. Sus l\u00e1grimas de alegr\u00eda lo conmovieron, subrayando el profundo impacto que su trabajo ha tenido en la vida de las personas a lo largo de los a\u00f1os. Armani coment\u00f3: &#8220;Las emociones son las que me hacen sentir vivo&#8221;.<\/font><\/p>\n<p align=\"justify\"><font size=\"3\">El amor perdurable de Armani por el cine fue un tema central del evento. Explic\u00f3 c\u00f3mo las pel\u00edculas tienen que ver con las emociones, y aspira a evocar esas mismas emociones a trav\u00e9s de sus creaciones de moda. De hecho, admiti\u00f3 que no le habr\u00eda importado intentar dirigir una pel\u00edcula, enfatizando la importancia de los sue\u00f1os y las esperanzas para mantener a uno vibrante y vivo independientemente de la edad.<\/font><\/p>\n<p align=\"justify\"><font size=\"3\">El desfile de moda de Armani Priv\u00e9 retom\u00f3 los motivos decorativos de arlequ\u00edn de su colecci\u00f3n de alta costura presentada en Par\u00eds a principios de a\u00f1o. Sin embargo, en Venecia, infundi\u00f3 a la colecci\u00f3n un toque de romance y decadencia, creando siluetas esbeltas adornadas con generosos destellos, capas de lentejuelas, trenes con flecos, cuellos con volantes y fascinadores en forma de diamante. Su caracter\u00edstico minimalismo se suaviz\u00f3 bajo la influencia de la cautivadora atm\u00f3sfera de Venecia, revelando un lado diferente de su genio creativo.<\/font><\/p>\n<p align=\"justify\">ngg_shortcode_0_placeholder<\/p>\n","protected":false},"excerpt":{"rendered":"<p>Giorgio Armani, el legendario dise\u00f1ador de moda, ha demostrado una vez m\u00e1s que la edad es solo un n\u00famero. A la edad de 89 a\u00f1os, contin\u00faa exudando encanto y elegancia, comandando el mismo poder estelar que lo ha convertido en&hellip;<\/p>\n<p class=\"more-link-p\"><a class=\"more-link\" href=\"https:\/\/bobvarela.com\/?p=154022\">Read more &rarr;<\/a><\/p>\n","protected":false},"author":1,"featured_media":0,"comment_status":"open","ping_status":"open","sticky":false,"template":"","format":"standard","meta":{"ngg_post_thumbnail":0,"footnotes":""},"categories":[4,422],"tags":[],"class_list":["post-154022","post","type-post","status-publish","format-standard","hentry","category-moda","category-new-york"],"_links":{"self":[{"href":"https:\/\/bobvarela.com\/index.php?rest_route=\/wp\/v2\/posts\/154022","targetHints":{"allow":["GET"]}}],"collection":[{"href":"https:\/\/bobvarela.com\/index.php?rest_route=\/wp\/v2\/posts"}],"about":[{"href":"https:\/\/bobvarela.com\/index.php?rest_route=\/wp\/v2\/types\/post"}],"author":[{"embeddable":true,"href":"https:\/\/bobvarela.com\/index.php?rest_route=\/wp\/v2\/users\/1"}],"replies":[{"embeddable":true,"href":"https:\/\/bobvarela.com\/index.php?rest_route=%2Fwp%2Fv2%2Fcomments&post=154022"}],"version-history":[{"count":1,"href":"https:\/\/bobvarela.com\/index.php?rest_route=\/wp\/v2\/posts\/154022\/revisions"}],"predecessor-version":[{"id":154023,"href":"https:\/\/bobvarela.com\/index.php?rest_route=\/wp\/v2\/posts\/154022\/revisions\/154023"}],"wp:attachment":[{"href":"https:\/\/bobvarela.com\/index.php?rest_route=%2Fwp%2Fv2%2Fmedia&parent=154022"}],"wp:term":[{"taxonomy":"category","embeddable":true,"href":"https:\/\/bobvarela.com\/index.php?rest_route=%2Fwp%2Fv2%2Fcategories&post=154022"},{"taxonomy":"post_tag","embeddable":true,"href":"https:\/\/bobvarela.com\/index.php?rest_route=%2Fwp%2Fv2%2Ftags&post=154022"}],"curies":[{"name":"wp","href":"https:\/\/api.w.org\/{rel}","templated":true}]}}