{"id":154070,"date":"2023-09-10T10:00:30","date_gmt":"2023-09-10T14:00:30","guid":{"rendered":"https:\/\/bobvarela.com\/?p=154070"},"modified":"2023-09-10T10:00:30","modified_gmt":"2023-09-10T14:00:30","slug":"naomi-campbell-da-el-salto-de-modelo-a-diseadora-en-la-semana-de-la-moda-de-nueva-york-un-sueo-hecho-realidad","status":"publish","type":"post","link":"https:\/\/bobvarela.com\/?p=154070","title":{"rendered":"Naomi Campbell da el salto de modelo a dise&ntilde;adora en la Semana de la Moda de Nueva York: &#8216;Un sue&ntilde;o hecho realidad&#8217;"},"content":{"rendered":"<p align=\"justify\"><font size=\"3\">La veterana estrella de la pasarela, de 53 a\u00f1os, marc\u00f3 un hito importante el martes, debutando y modelando su propia colecci\u00f3n de ropa, PrettyLittleThing x Naomi Campbell Primavera \/ Verano 2024, en la Semana de la Moda de Nueva York. Campbell se asoci\u00f3 con la marca de ropa brit\u00e1nica para crear docenas de dise\u00f1os, que van desde vestidos de noche y vestidos de c\u00f3ctel hasta trajes de pantal\u00f3n y botas de declaraci\u00f3n.<\/font><\/p>\n<p align=\"justify\"><font size=\"3\">&#8220;Despu\u00e9s de 37 a\u00f1os incre\u00edbles en la pasarela, estoy encantado por la oportunidad de compartir mi \u00faltima aventura en el otro lado, \u00a1como dise\u00f1ador!&#8221; Campell escribi\u00f3 el mi\u00e9rcoles en <\/font><a href=\"https:\/\/www.instagram.com\/p\/Cw2uWaxOdQE\/?img_index=1\"><font size=\"3\">Instagram<\/font><\/a><font size=\"3\">.<\/font><\/p>\n<p align=\"justify\"><font size=\"3\">&#8220;El proceso ha sido un sue\u00f1o hecho realidad, para m\u00ed y para los j\u00f3venes dise\u00f1adores que se presentan: [Victor Anate y Edvin Thompson] &#8230; Gracias, desde el fondo de mi coraz\u00f3n, por hacer realidad esta colecci\u00f3n, cambiando el ritmo de la moda r\u00e1pida&#8221;.<\/font><\/p>\n<p align=\"justify\">ngg_shortcode_0_placeholder<\/p>\n","protected":false},"excerpt":{"rendered":"<p>La veterana estrella de la pasarela, de 53 a\u00f1os, marc\u00f3 un hito importante el martes, debutando y modelando su propia colecci\u00f3n de ropa, PrettyLittleThing x Naomi Campbell Primavera \/ Verano 2024, en la Semana de la Moda de Nueva York.&hellip;<\/p>\n<p class=\"more-link-p\"><a class=\"more-link\" href=\"https:\/\/bobvarela.com\/?p=154070\">Read more &rarr;<\/a><\/p>\n","protected":false},"author":1,"featured_media":0,"comment_status":"open","ping_status":"open","sticky":false,"template":"","format":"standard","meta":{"ngg_post_thumbnail":0,"footnotes":""},"categories":[4,422],"tags":[],"class_list":["post-154070","post","type-post","status-publish","format-standard","hentry","category-moda","category-new-york"],"_links":{"self":[{"href":"https:\/\/bobvarela.com\/index.php?rest_route=\/wp\/v2\/posts\/154070","targetHints":{"allow":["GET"]}}],"collection":[{"href":"https:\/\/bobvarela.com\/index.php?rest_route=\/wp\/v2\/posts"}],"about":[{"href":"https:\/\/bobvarela.com\/index.php?rest_route=\/wp\/v2\/types\/post"}],"author":[{"embeddable":true,"href":"https:\/\/bobvarela.com\/index.php?rest_route=\/wp\/v2\/users\/1"}],"replies":[{"embeddable":true,"href":"https:\/\/bobvarela.com\/index.php?rest_route=%2Fwp%2Fv2%2Fcomments&post=154070"}],"version-history":[{"count":1,"href":"https:\/\/bobvarela.com\/index.php?rest_route=\/wp\/v2\/posts\/154070\/revisions"}],"predecessor-version":[{"id":154071,"href":"https:\/\/bobvarela.com\/index.php?rest_route=\/wp\/v2\/posts\/154070\/revisions\/154071"}],"wp:attachment":[{"href":"https:\/\/bobvarela.com\/index.php?rest_route=%2Fwp%2Fv2%2Fmedia&parent=154070"}],"wp:term":[{"taxonomy":"category","embeddable":true,"href":"https:\/\/bobvarela.com\/index.php?rest_route=%2Fwp%2Fv2%2Fcategories&post=154070"},{"taxonomy":"post_tag","embeddable":true,"href":"https:\/\/bobvarela.com\/index.php?rest_route=%2Fwp%2Fv2%2Ftags&post=154070"}],"curies":[{"name":"wp","href":"https:\/\/api.w.org\/{rel}","templated":true}]}}