{"id":154336,"date":"2023-09-13T05:48:11","date_gmt":"2023-09-13T09:48:11","guid":{"rendered":"https:\/\/bobvarela.com\/?p=154336"},"modified":"2023-09-13T05:48:11","modified_gmt":"2023-09-13T09:48:11","slug":"desfile-de-moda-grace-ling-primavera-verano-2024","status":"publish","type":"post","link":"https:\/\/bobvarela.com\/?p=154336","title":{"rendered":"Desfile de moda Grace Ling Primavera Verano 2024"},"content":{"rendered":"<p align=\"justify\"><font size=\"3\">La dise\u00f1adora emergente Grace Ling arras\u00f3 en la Semana de la Moda de Nueva York con su oscuramente seductora colecci\u00f3n Primavera Verano 2024, marcando su debut en uno de los escenarios de moda m\u00e1s prestigiosos del mundo. Como nuevo miembro interino del CFDA (Consejo de Dise\u00f1adores de Moda de Am\u00e9rica) y ex alumno de Net-a-Porter Vanguard, el ascenso de Ling en el mundo de la moda ha sido mete\u00f3rico. Despu\u00e9s de perfeccionar su oficio en casas de moda de renombre como Thom Browne y The Row, lanz\u00f3 su marca hom\u00f3nima en 2020. Desde entonces, Ling se ha convertido en sin\u00f3nimo de dise\u00f1os art\u00edsticos y arquitect\u00f3nicos que combinan sin esfuerzo la sensualidad siniestra y el surrealismo l\u00fadico.<\/font><\/p>\n<p align=\"justify\"><font size=\"3\">Para su colecci\u00f3n Primavera Verano 2024, esta dise\u00f1adora nacida en Singapur y residente en Nueva York cautiv\u00f3 al p\u00fablico con una gama de 30 looks que ampli\u00f3 su estilo caracter\u00edstico. Ling describi\u00f3 sus siluetas clave como &#8220;sexys pero muy sofisticadas&#8221; y, de hecho, sus piezas exudaban una intrigante mezcla de oscuridad y humor alegre que era nada menos que cautivadora.<\/font><\/p>\n<p align=\"justify\"><font size=\"3\">La pasarela fue un escaparate cautivador de la visi\u00f3n creativa de Ling, con cada pieza empujando los l\u00edmites de la moda como arte y expresi\u00f3n. Aqu\u00ed, nos adentramos en el mundo de la colecci\u00f3n Primavera Verano 2024 de Grace Ling.<\/font><\/p>\n<p align=\"justify\">ngg_shortcode_0_placeholder<\/p>\n","protected":false},"excerpt":{"rendered":"<p>La dise\u00f1adora emergente Grace Ling arras\u00f3 en la Semana de la Moda de Nueva York con su oscuramente seductora colecci\u00f3n Primavera Verano 2024, marcando su debut en uno de los escenarios de moda m\u00e1s prestigiosos del mundo. Como nuevo miembro&hellip;<\/p>\n<p class=\"more-link-p\"><a class=\"more-link\" href=\"https:\/\/bobvarela.com\/?p=154336\">Read more &rarr;<\/a><\/p>\n","protected":false},"author":1,"featured_media":0,"comment_status":"open","ping_status":"open","sticky":false,"template":"","format":"standard","meta":{"ngg_post_thumbnail":0,"footnotes":""},"categories":[4,422],"tags":[],"class_list":["post-154336","post","type-post","status-publish","format-standard","hentry","category-moda","category-new-york"],"_links":{"self":[{"href":"https:\/\/bobvarela.com\/index.php?rest_route=\/wp\/v2\/posts\/154336","targetHints":{"allow":["GET"]}}],"collection":[{"href":"https:\/\/bobvarela.com\/index.php?rest_route=\/wp\/v2\/posts"}],"about":[{"href":"https:\/\/bobvarela.com\/index.php?rest_route=\/wp\/v2\/types\/post"}],"author":[{"embeddable":true,"href":"https:\/\/bobvarela.com\/index.php?rest_route=\/wp\/v2\/users\/1"}],"replies":[{"embeddable":true,"href":"https:\/\/bobvarela.com\/index.php?rest_route=%2Fwp%2Fv2%2Fcomments&post=154336"}],"version-history":[{"count":1,"href":"https:\/\/bobvarela.com\/index.php?rest_route=\/wp\/v2\/posts\/154336\/revisions"}],"predecessor-version":[{"id":154337,"href":"https:\/\/bobvarela.com\/index.php?rest_route=\/wp\/v2\/posts\/154336\/revisions\/154337"}],"wp:attachment":[{"href":"https:\/\/bobvarela.com\/index.php?rest_route=%2Fwp%2Fv2%2Fmedia&parent=154336"}],"wp:term":[{"taxonomy":"category","embeddable":true,"href":"https:\/\/bobvarela.com\/index.php?rest_route=%2Fwp%2Fv2%2Fcategories&post=154336"},{"taxonomy":"post_tag","embeddable":true,"href":"https:\/\/bobvarela.com\/index.php?rest_route=%2Fwp%2Fv2%2Ftags&post=154336"}],"curies":[{"name":"wp","href":"https:\/\/api.w.org\/{rel}","templated":true}]}}