{"id":154437,"date":"2023-09-16T08:48:52","date_gmt":"2023-09-16T12:48:52","guid":{"rendered":"https:\/\/bobvarela.com\/?p=154437"},"modified":"2023-09-16T08:48:52","modified_gmt":"2023-09-16T12:48:52","slug":"staud-primavera-verano-2024","status":"publish","type":"post","link":"https:\/\/bobvarela.com\/?p=154437","title":{"rendered":"Staud Primavera Verano 2024"},"content":{"rendered":"<p align=\"justify\"><font size=\"3\">Sarah Staudinger, la innovadora dise\u00f1adora de Los \u00c1ngeles, tuvo un impacto rotundo en la industria de la moda con su colecci\u00f3n Primavera Verano 2024. La colecci\u00f3n se dio a conocer en una vibrante y nost\u00e1lgica pasarela celebrada en el ic\u00f3nico hotel Plaza. En compa\u00f1\u00eda de figuras de renombre como su esposo, Ari Emanuel, el visionario fundador de Amazon, Jeff Bezos, y la luminaria del mundo del arte Jeffrey Deitch, Staudinger orquest\u00f3 una noche notable que evoc\u00f3 el esp\u00edritu despreocupado y elegante de la d\u00e9cada de 1990.<\/font><\/p>\n<p align=\"justify\"><font size=\"3\">Sarah Staudinger, la fuerza creativa detr\u00e1s de la marca Staud, comparti\u00f3 su inspiraci\u00f3n para la colecci\u00f3n, bas\u00e1ndose en el documental de 1995 &#8220;Catwalk&#8221;, que narraba las experiencias de la supermodelo Christy Turlington durante el Mes de la Moda, con dise\u00f1adores ic\u00f3nicos como Isaac Mizrahi. Staudinger ten\u00eda como objetivo capturar el mismo esp\u00edritu vivaz que Mizrahi y sus contempor\u00e1neos trajeron a la industria de la moda.<\/font><\/p>\n<p align=\"justify\"><font size=\"3\">Para este espect\u00e1culo, Staudinger dio a sus modelos una directiva espec\u00edfica: hacer que la audiencia quiera &#8220;tocar, oler, sentir, sonre\u00edr&#8221;. La esencia de la colecci\u00f3n consist\u00eda en crear una experiencia sensorial que resonara con autenticidad. Para lograr esto, se instruy\u00f3 a las modelos para que caminaran descalzas por la pasarela, enfatizando un sentido de arraigo y simplicidad.<\/font><\/p>\n<p align=\"justify\"><font size=\"3\">El compromiso de Staudinger con la individualidad y la autenticidad fue evidente en su enfoque del estilo. Cada modelo ten\u00eda la libertad de seleccionar el atuendo que m\u00e1s resonaba con ellos, asegurando que sus personalidades brillaran en la pasarela. Este toque personal agreg\u00f3 una capa extra de encanto al espect\u00e1culo.<\/font><\/p>\n<p align=\"justify\"><font size=\"3\">Entre bastidores, las modelos expresaron su gratitud y aprecio por la visi\u00f3n de Staudinger. Una modelo encapsul\u00f3 el sentimiento, agradeciendo al dise\u00f1ador por resaltar las cualidades que realmente importan en la industria de la moda.<\/font><\/p>\n<p align=\"justify\"><font size=\"3\">La colecci\u00f3n rindi\u00f3 homenaje a Isaac Mizrahi, evidente en las faldas de tafet\u00e1n de cintura baja combinadas con tanques o conchas de cachemira, as\u00ed como los vestidos de columna de seda Dupioni. El glamour de la playa caus\u00f3 sensaci\u00f3n con vestidos de malla de cristal usados sobre calzoncillos, un vestido de ganchillo con motivos negros de estrellas de mar, pantalones de lentejuelas, camisetas recortadas y bikinis con puntos de flores. Adem\u00e1s, la colaboraci\u00f3n de Staud con Wrangler fue evidente en los trajes de tres piezas y las piezas de mezclilla, lo que le dio a la colecci\u00f3n una facilidad distintiva de California.<\/font><\/p>\n<p align=\"justify\"><font size=\"3\">Un aspecto notable del espect\u00e1culo fue su simplicidad. Staudinger evit\u00f3 deliberadamente el espect\u00e1culo, y todas las modelos del desfile llevaban zapatos planos, encarnando un ambiente sencillo y accesible que encapsulaba la esencia de la colecci\u00f3n Primavera Verano 2024 de Staud<\/font>.<\/p>\nngg_shortcode_0_placeholder\n","protected":false},"excerpt":{"rendered":"<p>Sarah Staudinger, la innovadora dise\u00f1adora de Los \u00c1ngeles, tuvo un impacto rotundo en la industria de la moda con su colecci\u00f3n Primavera Verano 2024. La colecci\u00f3n se dio a conocer en una vibrante y nost\u00e1lgica pasarela celebrada en el ic\u00f3nico&hellip;<\/p>\n<p class=\"more-link-p\"><a class=\"more-link\" href=\"https:\/\/bobvarela.com\/?p=154437\">Read more &rarr;<\/a><\/p>\n","protected":false},"author":1,"featured_media":0,"comment_status":"open","ping_status":"open","sticky":false,"template":"","format":"standard","meta":{"ngg_post_thumbnail":0,"footnotes":""},"categories":[4,422],"tags":[],"class_list":["post-154437","post","type-post","status-publish","format-standard","hentry","category-moda","category-new-york"],"_links":{"self":[{"href":"https:\/\/bobvarela.com\/index.php?rest_route=\/wp\/v2\/posts\/154437","targetHints":{"allow":["GET"]}}],"collection":[{"href":"https:\/\/bobvarela.com\/index.php?rest_route=\/wp\/v2\/posts"}],"about":[{"href":"https:\/\/bobvarela.com\/index.php?rest_route=\/wp\/v2\/types\/post"}],"author":[{"embeddable":true,"href":"https:\/\/bobvarela.com\/index.php?rest_route=\/wp\/v2\/users\/1"}],"replies":[{"embeddable":true,"href":"https:\/\/bobvarela.com\/index.php?rest_route=%2Fwp%2Fv2%2Fcomments&post=154437"}],"version-history":[{"count":1,"href":"https:\/\/bobvarela.com\/index.php?rest_route=\/wp\/v2\/posts\/154437\/revisions"}],"predecessor-version":[{"id":154438,"href":"https:\/\/bobvarela.com\/index.php?rest_route=\/wp\/v2\/posts\/154437\/revisions\/154438"}],"wp:attachment":[{"href":"https:\/\/bobvarela.com\/index.php?rest_route=%2Fwp%2Fv2%2Fmedia&parent=154437"}],"wp:term":[{"taxonomy":"category","embeddable":true,"href":"https:\/\/bobvarela.com\/index.php?rest_route=%2Fwp%2Fv2%2Fcategories&post=154437"},{"taxonomy":"post_tag","embeddable":true,"href":"https:\/\/bobvarela.com\/index.php?rest_route=%2Fwp%2Fv2%2Ftags&post=154437"}],"curies":[{"name":"wp","href":"https:\/\/api.w.org\/{rel}","templated":true}]}}