{"id":154816,"date":"2023-09-23T06:57:52","date_gmt":"2023-09-23T10:57:52","guid":{"rendered":"https:\/\/bobvarela.com\/?p=154816"},"modified":"2023-09-23T06:57:52","modified_gmt":"2023-09-23T10:57:52","slug":"gucci-primavera-verano-2024","status":"publish","type":"post","link":"https:\/\/bobvarela.com\/?p=154816","title":{"rendered":"Gucci Primavera Verano 2024"},"content":{"rendered":"<p><font size=\"3\">Sabato De Sarno hizo su debut en la pasarela como dise\u00f1ador de Gucci, optando por mostrar la colecci\u00f3n al aire libre en el distrito Brera de Mil\u00e1n. Si bien la amenaza de lluvia oblig\u00f3 al espect\u00e1culo a permanecer en el interior, no empa\u00f1\u00f3 su visi\u00f3n de la marca.<\/font><\/p>\n<p align=\"justify\"><font size=\"3\"><strong>Una visi\u00f3n<\/strong> juvenil &#8211; La colecci\u00f3n debut de De Sarno para Gucci exudaba un esp\u00edritu juvenil, con un enfoque en dobladillos cortos y looks con piernas que resuenan con las j\u00f3venes estrellas de hoy. La colecci\u00f3n captur\u00f3 la esencia del estilo callejero, que recuerda el tipo de atuendos que las celebridades usar\u00edan al salir de un autom\u00f3vil negro, capturados por la pr\u00f3xima generaci\u00f3n de paparazzi.<\/font><\/p>\n<p align=\"justify\"><font size=\"3\">Ropa de d\u00eda limpia y elegante &#8211; La colecci\u00f3n abraz\u00f3 la tendencia de ropa de <strong>d\u00eda limpia y elegante<\/strong>, similar a lo que se vio en Prada y otras casas de moda. Presentaba abrigos a medida con un ambiente de la d\u00e9cada de 1960 y la d\u00e9cada de 1990, pantalones cortos s\u00faper cortos, rompers y jers\u00e9is con logotipo, tanques y conjuntos de punto que rozan el cuerpo, jeans holgados y tops de sost\u00e9n de cristal.<\/font><\/p>\n<p align=\"justify\"><font size=\"3\"><strong>El tema de<\/strong> &#8220;Ancora&#8221; &#8211; La colecci\u00f3n se titul\u00f3 &#8220;Ancora&#8221;, que se traduce como &#8220;otra vez&#8221; en ingl\u00e9s. De Sarno explic\u00f3 que la palabra significa el deseo de m\u00e1s, ya sea un beso, un abrazo o hacer el amor. Su objetivo era reavivar su amor por la moda con esta colecci\u00f3n, para &#8220;enamorarse de la moda de nuevo, ancora&#8221;.<\/font><\/p>\nngg_shortcode_0_placeholder\n","protected":false},"excerpt":{"rendered":"<p>Sabato De Sarno hizo su debut en la pasarela como dise\u00f1ador de Gucci, optando por mostrar la colecci\u00f3n al aire libre en el distrito Brera de Mil\u00e1n. Si bien la amenaza de lluvia oblig\u00f3 al espect\u00e1culo a permanecer en el&hellip;<\/p>\n<p class=\"more-link-p\"><a class=\"more-link\" href=\"https:\/\/bobvarela.com\/?p=154816\">Read more &rarr;<\/a><\/p>\n","protected":false},"author":1,"featured_media":0,"comment_status":"open","ping_status":"open","sticky":false,"template":"","format":"standard","meta":{"ngg_post_thumbnail":0,"footnotes":""},"categories":[4],"tags":[],"class_list":["post-154816","post","type-post","status-publish","format-standard","hentry","category-moda"],"_links":{"self":[{"href":"https:\/\/bobvarela.com\/index.php?rest_route=\/wp\/v2\/posts\/154816","targetHints":{"allow":["GET"]}}],"collection":[{"href":"https:\/\/bobvarela.com\/index.php?rest_route=\/wp\/v2\/posts"}],"about":[{"href":"https:\/\/bobvarela.com\/index.php?rest_route=\/wp\/v2\/types\/post"}],"author":[{"embeddable":true,"href":"https:\/\/bobvarela.com\/index.php?rest_route=\/wp\/v2\/users\/1"}],"replies":[{"embeddable":true,"href":"https:\/\/bobvarela.com\/index.php?rest_route=%2Fwp%2Fv2%2Fcomments&post=154816"}],"version-history":[{"count":1,"href":"https:\/\/bobvarela.com\/index.php?rest_route=\/wp\/v2\/posts\/154816\/revisions"}],"predecessor-version":[{"id":154817,"href":"https:\/\/bobvarela.com\/index.php?rest_route=\/wp\/v2\/posts\/154816\/revisions\/154817"}],"wp:attachment":[{"href":"https:\/\/bobvarela.com\/index.php?rest_route=%2Fwp%2Fv2%2Fmedia&parent=154816"}],"wp:term":[{"taxonomy":"category","embeddable":true,"href":"https:\/\/bobvarela.com\/index.php?rest_route=%2Fwp%2Fv2%2Fcategories&post=154816"},{"taxonomy":"post_tag","embeddable":true,"href":"https:\/\/bobvarela.com\/index.php?rest_route=%2Fwp%2Fv2%2Ftags&post=154816"}],"curies":[{"name":"wp","href":"https:\/\/api.w.org\/{rel}","templated":true}]}}