{"id":154925,"date":"2023-09-26T04:53:56","date_gmt":"2023-09-26T08:53:56","guid":{"rendered":"https:\/\/bobvarela.com\/?p=154925"},"modified":"2023-09-26T04:53:56","modified_gmt":"2023-09-26T08:53:56","slug":"fracomina-primavera-verano-2024","status":"publish","type":"post","link":"https:\/\/bobvarela.com\/?p=154925","title":{"rendered":"Fracomina Primavera Verano 2024"},"content":{"rendered":"<p align=\"justify\"><font size=\"3\">Fracomina envi\u00f3 un conjunto diverso de mujeres a la pasarela, todas encarnando un estilo din\u00e1mico que se adapta a cada hora del d\u00eda, un estilo que juega con los contrastes e invita a la experimentaci\u00f3n de la moda fresca. El tema general fue uno de versatilidad, un tema que encapsul\u00f3 perfectamente los c\u00f3digos de Fracomina y su visi\u00f3n de un mundo de la moda vibrante y en constante evoluci\u00f3n, rico en color e inspiraci\u00f3n.<\/font><\/p>\n<p align=\"justify\"><font size=\"3\">En el coraz\u00f3n de la colecci\u00f3n hab\u00eda una reinterpretaci\u00f3n de uno de los elementos b\u00e1sicos m\u00e1s preciados de la marca: el conjunto de chaqueta y pantalones, adecuado para el uso diario. Esta pieza sirvi\u00f3 como plataforma de lanzamiento para un viaje a trav\u00e9s de un carrusel de diversas inspiraciones. La refinada est\u00e9tica francesa, caracterizada por detalles meticulosamente elaborados, estampados vichy y siluetas vanguardistas, dio paso con gracia a lo inesperado, como la chaqueta cargo de mezclilla inspirada en Chanel, todo mientras se intercalaba con vibraciones efervescentes que se atrev\u00edan a explorar el mundo del color, con el rosa reinando supremo.<\/font><\/p>\n<p align=\"justify\"><font size=\"3\">La colecci\u00f3n no se detuvo all\u00ed; Adopt\u00f3 una sastrer\u00eda suave que abraz\u00f3 amorosamente la forma femenina con el uso de telas fluidas y brillantes. Se aventur\u00f3 audazmente en un territorio inexplorado con longitudes poco convencionales que desafiaron las normas tradicionales, todo en nombre de la independencia, tanto en estilo como en opciones de vida, haciendo una declaraci\u00f3n profunda.<\/font><\/p>\n<p align=\"justify\"><font size=\"3\">Las telas naturales ocuparon un lugar destacado, reflejando la identidad de Fracomina. La colecci\u00f3n exudaba un amor por los adornos que cobraba vida a trav\u00e9s de detalles brillantes, tonos pastel y exquisitos acentos inspirados en la joyer\u00eda. La colecci\u00f3n tambi\u00e9n irradiaba vibraciones vibrantes que recuerdan a California, con su paleta de colores arenosos infundidos con toques de turquesa, naranja y diferentes tonos de rosa. Estos colores se yuxtapusieron expertamente con estampados, simbolizando una fuerte feminidad, una feminidad que no teme correr riesgos y reinventarse con cada nuevo d\u00eda.<\/font><\/p>\n<p align=\"justify\"><font size=\"3\">Uno de los elementos destacados fue el patr\u00f3n de pit\u00f3n, tra\u00eddo a la vida en un vestido largo y un blazer \u00e1gil. Este patr\u00f3n represent\u00f3 un retorno ideal a la naturaleza, un tema que tambi\u00e9n se hizo eco en el vestido con estampado de cactus y el mono con tem\u00e1tica de caballo. La colecci\u00f3n presentaba flecos y paillettes, largos plisados y cortes atrevidos que revelaban tentadoramente la piel, creando una gama vers\u00e1til e inclusiva que permit\u00eda a las mujeres expresarse en cualquier ocasi\u00f3n y en cualquier momento del d\u00eda, al tiempo que amplificaba su personalidad y car\u00e1cter con estilo.<\/font><\/p>\n<p align=\"justify\">ngg_shortcode_0_placeholder<\/p>\n","protected":false},"excerpt":{"rendered":"<p>Fracomina envi\u00f3 un conjunto diverso de mujeres a la pasarela, todas encarnando un estilo din\u00e1mico que se adapta a cada hora del d\u00eda, un estilo que juega con los contrastes e invita a la experimentaci\u00f3n de la moda fresca. El&hellip;<\/p>\n<p class=\"more-link-p\"><a class=\"more-link\" href=\"https:\/\/bobvarela.com\/?p=154925\">Read more &rarr;<\/a><\/p>\n","protected":false},"author":1,"featured_media":0,"comment_status":"open","ping_status":"open","sticky":false,"template":"","format":"standard","meta":{"ngg_post_thumbnail":0,"footnotes":""},"categories":[4],"tags":[],"class_list":["post-154925","post","type-post","status-publish","format-standard","hentry","category-moda"],"_links":{"self":[{"href":"https:\/\/bobvarela.com\/index.php?rest_route=\/wp\/v2\/posts\/154925","targetHints":{"allow":["GET"]}}],"collection":[{"href":"https:\/\/bobvarela.com\/index.php?rest_route=\/wp\/v2\/posts"}],"about":[{"href":"https:\/\/bobvarela.com\/index.php?rest_route=\/wp\/v2\/types\/post"}],"author":[{"embeddable":true,"href":"https:\/\/bobvarela.com\/index.php?rest_route=\/wp\/v2\/users\/1"}],"replies":[{"embeddable":true,"href":"https:\/\/bobvarela.com\/index.php?rest_route=%2Fwp%2Fv2%2Fcomments&post=154925"}],"version-history":[{"count":1,"href":"https:\/\/bobvarela.com\/index.php?rest_route=\/wp\/v2\/posts\/154925\/revisions"}],"predecessor-version":[{"id":154926,"href":"https:\/\/bobvarela.com\/index.php?rest_route=\/wp\/v2\/posts\/154925\/revisions\/154926"}],"wp:attachment":[{"href":"https:\/\/bobvarela.com\/index.php?rest_route=%2Fwp%2Fv2%2Fmedia&parent=154925"}],"wp:term":[{"taxonomy":"category","embeddable":true,"href":"https:\/\/bobvarela.com\/index.php?rest_route=%2Fwp%2Fv2%2Fcategories&post=154925"},{"taxonomy":"post_tag","embeddable":true,"href":"https:\/\/bobvarela.com\/index.php?rest_route=%2Fwp%2Fv2%2Ftags&post=154925"}],"curies":[{"name":"wp","href":"https:\/\/api.w.org\/{rel}","templated":true}]}}