{"id":154970,"date":"2023-09-26T04:58:18","date_gmt":"2023-09-26T08:58:18","guid":{"rendered":"https:\/\/bobvarela.com\/?p=154970"},"modified":"2023-09-26T04:58:18","modified_gmt":"2023-09-26T08:58:18","slug":"laura-biagiotti-spring-summer-2024","status":"publish","type":"post","link":"https:\/\/bobvarela.com\/?p=154970","title":{"rendered":"Laura Biagiotti Spring Summer 2024"},"content":{"rendered":"<p align=\"justify\"><font size=\"3\">Laura Biagiotti present\u00f3 su colecci\u00f3n Primavera Verano 2024 en una cautivadora exhibici\u00f3n fuera del calendario oficial de la Semana de la Moda de Mil\u00e1n. Al pisar la pasarela no era otra que la ic\u00f3nica supermodelo de la d\u00e9cada de 1970, Pat Cleveland.<\/font><\/p>\n<p align=\"justify\"><font size=\"3\">Inspir\u00e1ndose en las pinturas renacentistas que adornan las paredes del Castillo Marco Simone, que tambi\u00e9n sirve como sede de la casa de moda romana, la colecci\u00f3n Primavera Verano 2024 de Laura Biagiotti irradia un encanto real pero vers\u00e1til. Las prendas expuestas en el Piccolo Teatro &#8211; Studio Melato de Mil\u00e1n transportaron a los espectadores a un mundo de arte y elegancia.<\/font><\/p>\n<p align=\"justify\"><font size=\"3\">En el coraz\u00f3n de la colecci\u00f3n hab\u00eda grabados inspirados en grutas, evocando la est\u00e9tica de los antiguos frescos romanos. Estos grabados formaron el n\u00facleo de la visi\u00f3n art\u00edstica de Laura Biagiotti para la temporada. La paleta de colores era un espectro fascinante, que iba desde tonos suaves y naturales hasta tonos m\u00e1s profundos y enigm\u00e1ticos para la noche.<\/font><\/p>\n<p align=\"justify\"><font size=\"3\">Completando el conjunto estaban los bolsos &#8220;Regina&#8221; y las bolsas de compras de rafia, agregando un toque de sofisticaci\u00f3n y practicidad a los looks. La colecci\u00f3n Primavera Verano 2024 de Laura Biagiotti mezcl\u00f3 a la perfecci\u00f3n influencias hist\u00f3ricas con un dise\u00f1o moderno, ofreciendo una impresionante y diversa gama de ropa y accesorios para los entusiastas de la moda en todo el mundo.<\/font><\/p>\n<p align=\"justify\">ngg_shortcode_0_placeholder<\/p>\n","protected":false},"excerpt":{"rendered":"<p>Laura Biagiotti present\u00f3 su colecci\u00f3n Primavera Verano 2024 en una cautivadora exhibici\u00f3n fuera del calendario oficial de la Semana de la Moda de Mil\u00e1n. Al pisar la pasarela no era otra que la ic\u00f3nica supermodelo de la d\u00e9cada de 1970,&hellip;<\/p>\n<p class=\"more-link-p\"><a class=\"more-link\" href=\"https:\/\/bobvarela.com\/?p=154970\">Read more &rarr;<\/a><\/p>\n","protected":false},"author":1,"featured_media":0,"comment_status":"open","ping_status":"open","sticky":false,"template":"","format":"standard","meta":{"ngg_post_thumbnail":0,"footnotes":""},"categories":[4],"tags":[],"class_list":["post-154970","post","type-post","status-publish","format-standard","hentry","category-moda"],"_links":{"self":[{"href":"https:\/\/bobvarela.com\/index.php?rest_route=\/wp\/v2\/posts\/154970","targetHints":{"allow":["GET"]}}],"collection":[{"href":"https:\/\/bobvarela.com\/index.php?rest_route=\/wp\/v2\/posts"}],"about":[{"href":"https:\/\/bobvarela.com\/index.php?rest_route=\/wp\/v2\/types\/post"}],"author":[{"embeddable":true,"href":"https:\/\/bobvarela.com\/index.php?rest_route=\/wp\/v2\/users\/1"}],"replies":[{"embeddable":true,"href":"https:\/\/bobvarela.com\/index.php?rest_route=%2Fwp%2Fv2%2Fcomments&post=154970"}],"version-history":[{"count":1,"href":"https:\/\/bobvarela.com\/index.php?rest_route=\/wp\/v2\/posts\/154970\/revisions"}],"predecessor-version":[{"id":154971,"href":"https:\/\/bobvarela.com\/index.php?rest_route=\/wp\/v2\/posts\/154970\/revisions\/154971"}],"wp:attachment":[{"href":"https:\/\/bobvarela.com\/index.php?rest_route=%2Fwp%2Fv2%2Fmedia&parent=154970"}],"wp:term":[{"taxonomy":"category","embeddable":true,"href":"https:\/\/bobvarela.com\/index.php?rest_route=%2Fwp%2Fv2%2Fcategories&post=154970"},{"taxonomy":"post_tag","embeddable":true,"href":"https:\/\/bobvarela.com\/index.php?rest_route=%2Fwp%2Fv2%2Ftags&post=154970"}],"curies":[{"name":"wp","href":"https:\/\/api.w.org\/{rel}","templated":true}]}}