{"id":155091,"date":"2023-09-27T05:39:41","date_gmt":"2023-09-27T09:39:41","guid":{"rendered":"https:\/\/bobvarela.com\/?p=155091"},"modified":"2023-09-27T05:39:41","modified_gmt":"2023-09-27T09:39:41","slug":"chiara-boni-primavera-verano-2024","status":"publish","type":"post","link":"https:\/\/bobvarela.com\/?p=155091","title":{"rendered":"Chiara Boni Primavera Verano 2024"},"content":{"rendered":"<p align=\"justify\"><font size=\"3\">Chiara Boni, conocida por su exitoso enfoque para crear formas favorecedoras a partir de telas de jersey sostenibles, regres\u00f3 al calendario de Mil\u00e1n con su colecci\u00f3n Primavera Verano 2024. Esta colecci\u00f3n incorpor\u00f3 una inspiraci\u00f3n ex\u00f3tica, con estampados florales en siluetas sencillas y vestidos que abrazan el cuerpo, as\u00ed como patrones de cebra en separaciones aireadas.<\/font><\/p>\n<p align=\"justify\"><font size=\"3\">Sin embargo, las piezas destacadas fueron los vestidos monocrom\u00e1ticos y de color bloqueado de Boni, que exudaban una elegancia atemporal a trav\u00e9s de drapeados y detalles ruched que delineaban recortes sofisticados. La colecci\u00f3n mostr\u00f3 colores vibrantes como el coral picante, la lima y la mandarina, as\u00ed como texturas de lentejuelas, lo que se sum\u00f3 a su atractivo general.<\/font><\/p>\n<p align=\"justify\"><font size=\"3\">La colecci\u00f3n se centr\u00f3 principalmente en atuendos de noche c\u00f3modos y piezas especiales adecuadas para ocasiones significativas. Una pieza notable fue el vestido de columna azul sin tirantes de Toni Garrn, con dram\u00e1ticas mangas de tafet\u00e1n abullonadas en tonos a juego, elevando su simplicidad a un efecto de alto drama.<\/font><\/p>\n<p align=\"justify\">ngg_shortcode_0_placeholder<\/p>\n","protected":false},"excerpt":{"rendered":"<p>Chiara Boni, conocida por su exitoso enfoque para crear formas favorecedoras a partir de telas de jersey sostenibles, regres\u00f3 al calendario de Mil\u00e1n con su colecci\u00f3n Primavera Verano 2024. Esta colecci\u00f3n incorpor\u00f3 una inspiraci\u00f3n ex\u00f3tica, con estampados florales en siluetas&hellip;<\/p>\n<p class=\"more-link-p\"><a class=\"more-link\" href=\"https:\/\/bobvarela.com\/?p=155091\">Read more &rarr;<\/a><\/p>\n","protected":false},"author":1,"featured_media":0,"comment_status":"open","ping_status":"open","sticky":false,"template":"","format":"standard","meta":{"ngg_post_thumbnail":0,"footnotes":""},"categories":[4],"tags":[],"class_list":["post-155091","post","type-post","status-publish","format-standard","hentry","category-moda"],"_links":{"self":[{"href":"https:\/\/bobvarela.com\/index.php?rest_route=\/wp\/v2\/posts\/155091","targetHints":{"allow":["GET"]}}],"collection":[{"href":"https:\/\/bobvarela.com\/index.php?rest_route=\/wp\/v2\/posts"}],"about":[{"href":"https:\/\/bobvarela.com\/index.php?rest_route=\/wp\/v2\/types\/post"}],"author":[{"embeddable":true,"href":"https:\/\/bobvarela.com\/index.php?rest_route=\/wp\/v2\/users\/1"}],"replies":[{"embeddable":true,"href":"https:\/\/bobvarela.com\/index.php?rest_route=%2Fwp%2Fv2%2Fcomments&post=155091"}],"version-history":[{"count":1,"href":"https:\/\/bobvarela.com\/index.php?rest_route=\/wp\/v2\/posts\/155091\/revisions"}],"predecessor-version":[{"id":155092,"href":"https:\/\/bobvarela.com\/index.php?rest_route=\/wp\/v2\/posts\/155091\/revisions\/155092"}],"wp:attachment":[{"href":"https:\/\/bobvarela.com\/index.php?rest_route=%2Fwp%2Fv2%2Fmedia&parent=155091"}],"wp:term":[{"taxonomy":"category","embeddable":true,"href":"https:\/\/bobvarela.com\/index.php?rest_route=%2Fwp%2Fv2%2Fcategories&post=155091"},{"taxonomy":"post_tag","embeddable":true,"href":"https:\/\/bobvarela.com\/index.php?rest_route=%2Fwp%2Fv2%2Ftags&post=155091"}],"curies":[{"name":"wp","href":"https:\/\/api.w.org\/{rel}","templated":true}]}}