{"id":155441,"date":"2023-10-24T06:32:39","date_gmt":"2023-10-24T10:32:39","guid":{"rendered":"https:\/\/bobvarela.com\/?p=155441"},"modified":"2023-10-24T06:32:39","modified_gmt":"2023-10-24T10:32:39","slug":"juan-colon-coleccin-savages","status":"publish","type":"post","link":"https:\/\/bobvarela.com\/?p=155441","title":{"rendered":"Juan Colon colecci&oacute;n &quot;Savages&quot;"},"content":{"rendered":"<p align=\"justify\"><font size=\"3\">El 21 de octubre&nbsp; el dise\u00f1ador Juan Colon y su propuesta Tiny World llevaron a sus invitados de Safari por \u00c1frica. Desde Marruecos, centro hasta llegar a Sud\u00e1frica con su colecci\u00f3n &#8220;Savages&#8221;. El Centro de Bellas Artes Luis A Ferr\u00e9 en Santurce fue sede para la celebraci\u00f3n del 10mo aniversario de la plataforma San Juan Moda . &#8220;Savages&#8221;, present\u00f3 el lado salvaje de cada persona a la hora de emprender una nueva aventura.<\/font><\/p>\n<p align=\"justify\"><font size=\"3\">La Sala de Festivales y su magia, era el ideal para el espectacular n\u00famero de apertura donde los modelos emergieron de la plataforma en el escenario del sal\u00f3n al ritmo de m\u00fasica multicultural conceptualizada por Rey El\u00edas y todo el juego de luces y pasarela a cargo de Pamela L\u00f3pez. La colecci\u00f3n present\u00f3 moda para todo tipo de persona, cuerpo y edad en una gama de colores como: azul, vino, marrones, amarillo, y crema. <\/font><\/p>\n<p align=\"justify\"><font size=\"3\">Los textiles protagonistas fueron estampados en tela de canvas, tarjeta, charmouse, chiffon, spandex, algodones , micado entre otros. La pasarela logr\u00f3 su toque especial por el maquillaje de MVO Pro Makeup, cabello a cargo de Blue Velazquez con los productos de Wella Profesional Puerto Rico y Turbantes por Sanel Designer.<\/font><\/p>\n<p align=\"justify\">ngg_shortcode_0_placeholder<\/p>\n","protected":false},"excerpt":{"rendered":"<p>El 21 de octubre&nbsp; el dise\u00f1ador Juan Colon y su propuesta Tiny World llevaron a sus invitados de Safari por \u00c1frica. Desde Marruecos, centro hasta llegar a Sud\u00e1frica con su colecci\u00f3n &#8220;Savages&#8221;. El Centro de Bellas Artes Luis A Ferr\u00e9&hellip;<\/p>\n<p class=\"more-link-p\"><a class=\"more-link\" href=\"https:\/\/bobvarela.com\/?p=155441\">Read more &rarr;<\/a><\/p>\n","protected":false},"author":1,"featured_media":0,"comment_status":"open","ping_status":"open","sticky":false,"template":"","format":"standard","meta":{"ngg_post_thumbnail":0,"footnotes":""},"categories":[4],"tags":[],"class_list":["post-155441","post","type-post","status-publish","format-standard","hentry","category-moda"],"_links":{"self":[{"href":"https:\/\/bobvarela.com\/index.php?rest_route=\/wp\/v2\/posts\/155441","targetHints":{"allow":["GET"]}}],"collection":[{"href":"https:\/\/bobvarela.com\/index.php?rest_route=\/wp\/v2\/posts"}],"about":[{"href":"https:\/\/bobvarela.com\/index.php?rest_route=\/wp\/v2\/types\/post"}],"author":[{"embeddable":true,"href":"https:\/\/bobvarela.com\/index.php?rest_route=\/wp\/v2\/users\/1"}],"replies":[{"embeddable":true,"href":"https:\/\/bobvarela.com\/index.php?rest_route=%2Fwp%2Fv2%2Fcomments&post=155441"}],"version-history":[{"count":1,"href":"https:\/\/bobvarela.com\/index.php?rest_route=\/wp\/v2\/posts\/155441\/revisions"}],"predecessor-version":[{"id":155442,"href":"https:\/\/bobvarela.com\/index.php?rest_route=\/wp\/v2\/posts\/155441\/revisions\/155442"}],"wp:attachment":[{"href":"https:\/\/bobvarela.com\/index.php?rest_route=%2Fwp%2Fv2%2Fmedia&parent=155441"}],"wp:term":[{"taxonomy":"category","embeddable":true,"href":"https:\/\/bobvarela.com\/index.php?rest_route=%2Fwp%2Fv2%2Fcategories&post=155441"},{"taxonomy":"post_tag","embeddable":true,"href":"https:\/\/bobvarela.com\/index.php?rest_route=%2Fwp%2Fv2%2Ftags&post=155441"}],"curies":[{"name":"wp","href":"https:\/\/api.w.org\/{rel}","templated":true}]}}