{"id":156758,"date":"2024-01-25T06:05:01","date_gmt":"2024-01-25T10:05:01","guid":{"rendered":"https:\/\/bobvarela.com\/?p=156758"},"modified":"2024-01-25T06:05:01","modified_gmt":"2024-01-25T10:05:01","slug":"desfile-de-armani-priv-primavera-verano-2024","status":"publish","type":"post","link":"https:\/\/bobvarela.com\/?p=156758","title":{"rendered":"Desfile de Armani Priv&eacute; Primavera Verano 2024"},"content":{"rendered":"<p align=\"justify\"><font size=\"3\">Giorgio Armani mostr\u00f3 su lado l\u00fadico y experimental con la colecci\u00f3n Priv\u00e9 Primavera Verano 2024. A diferencia de las telas de muar\u00e9 insinuadas por el escenario del desfile y la invitaci\u00f3n, Armani opt\u00f3 por la delicadeza, la pasi\u00f3n por los viajes y el maximalismo. La dise\u00f1adora combin\u00f3 ingeniosamente transparencias, encajes, patrones intrincados y cristales dentro de atuendos individuales, demostrando un dominio de la superposici\u00f3n de telas de gasa y jacquard.<\/font><\/p>\n<p align=\"justify\"><font size=\"3\">Peque\u00f1os cristales adornaban varias telas, desde volantes de pa\u00f1uelos degradados en vestidos de gala de falda larga hasta blusas de encaje reliquia, chaquetas de punto y t\u00fanicas sueltas inspiradas en kimonos. La colecci\u00f3n exudaba un &#8220;abrazo abierto de diferentes culturas&#8221;, presentando un &#8220;viaje totalmente imaginado de Occidente a Oriente&#8221;. La experiencia en dise\u00f1o de Armani difumin\u00f3 distintas referencias culturales, imaginando a una mujer que integra sin esfuerzo diversas influencias en su estilo personal.<\/font><\/p>\n<p align=\"justify\"><font size=\"3\">ngg_shortcode_0_placeholder<\/font><\/p>\n","protected":false},"excerpt":{"rendered":"<p>Giorgio Armani mostr\u00f3 su lado l\u00fadico y experimental con la colecci\u00f3n Priv\u00e9 Primavera Verano 2024. A diferencia de las telas de muar\u00e9 insinuadas por el escenario del desfile y la invitaci\u00f3n, Armani opt\u00f3 por la delicadeza, la pasi\u00f3n por los&hellip;<\/p>\n<p class=\"more-link-p\"><a class=\"more-link\" href=\"https:\/\/bobvarela.com\/?p=156758\">Read more &rarr;<\/a><\/p>\n","protected":false},"author":1,"featured_media":0,"comment_status":"open","ping_status":"open","sticky":false,"template":"","format":"standard","meta":{"ngg_post_thumbnail":0,"footnotes":""},"categories":[4,523],"tags":[],"class_list":["post-156758","post","type-post","status-publish","format-standard","hentry","category-moda","category-paris"],"_links":{"self":[{"href":"https:\/\/bobvarela.com\/index.php?rest_route=\/wp\/v2\/posts\/156758","targetHints":{"allow":["GET"]}}],"collection":[{"href":"https:\/\/bobvarela.com\/index.php?rest_route=\/wp\/v2\/posts"}],"about":[{"href":"https:\/\/bobvarela.com\/index.php?rest_route=\/wp\/v2\/types\/post"}],"author":[{"embeddable":true,"href":"https:\/\/bobvarela.com\/index.php?rest_route=\/wp\/v2\/users\/1"}],"replies":[{"embeddable":true,"href":"https:\/\/bobvarela.com\/index.php?rest_route=%2Fwp%2Fv2%2Fcomments&post=156758"}],"version-history":[{"count":1,"href":"https:\/\/bobvarela.com\/index.php?rest_route=\/wp\/v2\/posts\/156758\/revisions"}],"predecessor-version":[{"id":156759,"href":"https:\/\/bobvarela.com\/index.php?rest_route=\/wp\/v2\/posts\/156758\/revisions\/156759"}],"wp:attachment":[{"href":"https:\/\/bobvarela.com\/index.php?rest_route=%2Fwp%2Fv2%2Fmedia&parent=156758"}],"wp:term":[{"taxonomy":"category","embeddable":true,"href":"https:\/\/bobvarela.com\/index.php?rest_route=%2Fwp%2Fv2%2Fcategories&post=156758"},{"taxonomy":"post_tag","embeddable":true,"href":"https:\/\/bobvarela.com\/index.php?rest_route=%2Fwp%2Fv2%2Ftags&post=156758"}],"curies":[{"name":"wp","href":"https:\/\/api.w.org\/{rel}","templated":true}]}}