{"id":157203,"date":"2024-02-08T05:22:43","date_gmt":"2024-02-08T09:22:43","guid":{"rendered":"https:\/\/bobvarela.com\/?p=157203"},"modified":"2024-02-08T05:22:43","modified_gmt":"2024-02-08T09:22:43","slug":"coleccin-otoo-invierno-2024-2025-de-aeron","status":"publish","type":"post","link":"https:\/\/bobvarela.com\/?p=157203","title":{"rendered":"Colecci&oacute;n Oto&ntilde;o-Invierno 2024-2025 de Aeron"},"content":{"rendered":"<p align=\"justify\"><font size=\"3\">AERON hizo un regreso triunfal a la Semana de la Moda de Copenhague, cautivando al p\u00fablico con su tercer desfile en la capital danesa. La colecci\u00f3n Oto\u00f1o\/Invierno 2024, presentada en la hist\u00f3rica Frederiksgade 1, cerca de la famosa Iglesia de M\u00e1rmol, sumergi\u00f3 a los asistentes en una galer\u00eda adornada con obras de arte cer\u00e1micas y textiles. Los sonidos et\u00e9reos resonaron en el espacio, creando una atm\u00f3sfera de serenidad y sofisticaci\u00f3n.<\/font><\/p>\n<p align=\"justify\"><font size=\"3\">La colecci\u00f3n <strong>Oto\u00f1o Invierno 2024-2025<\/strong> de <strong>AERON<\/strong> no es simplemente un escaparate de prendas; Es un viaje art\u00edstico que trasciende los l\u00edmites de la moda. El fundador y director creativo, Eszter \u00c1ron, establece paralelismos entre la observaci\u00f3n, recepci\u00f3n e interpretaci\u00f3n del arte y el proceso de dise\u00f1o de prendas. Esta filosof\u00eda constituye la base de la \u00faltima colecci\u00f3n de AERON, que se convirti\u00f3 en una colaboraci\u00f3n con el artista h\u00fangaro S\u00e1ri Ember.<\/font><\/p>\n<p align=\"justify\"><font size=\"3\"><strong>Colaboraci\u00f3n con S\u00e1ri Ember<\/strong> &#8211; Inspirada en la intersecci\u00f3n de pensamientos comunes, el paso del tiempo y el efecto continuo que tiene en nuestras vidas, la colecci\u00f3n Oto\u00f1o\/Invierno 2024 profundiza en la belleza de la alteraci\u00f3n y la ciclicidad. Bas\u00e1ndose en las ideas iniciadas en la colecci\u00f3n Pre-Fall 2024, AERON colabor\u00f3 con S\u00e1ri Ember para aportar una perspectiva \u00fanica a la pasarela. El arte de Ember, centrado en las experiencias universales, el envejecimiento y la decadencia, se incorpora a la perfecci\u00f3n a los colores, texturas, estampados y peque\u00f1os apliques de la colecci\u00f3n.<\/font><\/p>\n<p align=\"justify\">ngg_shortcode_0_placeholder<\/p>\n<p align=\"justify\"><font size=\"3\"><br \/><\/font><\/p>\n","protected":false},"excerpt":{"rendered":"<p>AERON hizo un regreso triunfal a la Semana de la Moda de Copenhague, cautivando al p\u00fablico con su tercer desfile en la capital danesa. La colecci\u00f3n Oto\u00f1o\/Invierno 2024, presentada en la hist\u00f3rica Frederiksgade 1, cerca de la famosa Iglesia de&hellip;<\/p>\n<p class=\"more-link-p\"><a class=\"more-link\" href=\"https:\/\/bobvarela.com\/?p=157203\">Read more &rarr;<\/a><\/p>\n","protected":false},"author":1,"featured_media":0,"comment_status":"open","ping_status":"open","sticky":false,"template":"","format":"standard","meta":{"ngg_post_thumbnail":0,"footnotes":""},"categories":[4],"tags":[],"class_list":["post-157203","post","type-post","status-publish","format-standard","hentry","category-moda"],"_links":{"self":[{"href":"https:\/\/bobvarela.com\/index.php?rest_route=\/wp\/v2\/posts\/157203","targetHints":{"allow":["GET"]}}],"collection":[{"href":"https:\/\/bobvarela.com\/index.php?rest_route=\/wp\/v2\/posts"}],"about":[{"href":"https:\/\/bobvarela.com\/index.php?rest_route=\/wp\/v2\/types\/post"}],"author":[{"embeddable":true,"href":"https:\/\/bobvarela.com\/index.php?rest_route=\/wp\/v2\/users\/1"}],"replies":[{"embeddable":true,"href":"https:\/\/bobvarela.com\/index.php?rest_route=%2Fwp%2Fv2%2Fcomments&post=157203"}],"version-history":[{"count":1,"href":"https:\/\/bobvarela.com\/index.php?rest_route=\/wp\/v2\/posts\/157203\/revisions"}],"predecessor-version":[{"id":157204,"href":"https:\/\/bobvarela.com\/index.php?rest_route=\/wp\/v2\/posts\/157203\/revisions\/157204"}],"wp:attachment":[{"href":"https:\/\/bobvarela.com\/index.php?rest_route=%2Fwp%2Fv2%2Fmedia&parent=157203"}],"wp:term":[{"taxonomy":"category","embeddable":true,"href":"https:\/\/bobvarela.com\/index.php?rest_route=%2Fwp%2Fv2%2Fcategories&post=157203"},{"taxonomy":"post_tag","embeddable":true,"href":"https:\/\/bobvarela.com\/index.php?rest_route=%2Fwp%2Fv2%2Ftags&post=157203"}],"curies":[{"name":"wp","href":"https:\/\/api.w.org\/{rel}","templated":true}]}}