{"id":157676,"date":"2024-02-13T05:47:36","date_gmt":"2024-02-13T09:47:36","guid":{"rendered":"https:\/\/bobvarela.com\/?p=157676"},"modified":"2024-02-13T05:47:36","modified_gmt":"2024-02-13T09:47:36","slug":"desfile-otoo-invierno-2024-25-de-maria-mcmanus","status":"publish","type":"post","link":"https:\/\/bobvarela.com\/?p=157676","title":{"rendered":"Desfile Oto&ntilde;o Invierno 2024-25 de Maria McManus"},"content":{"rendered":"<p align=\"justify\"><font size=\"3\">Olv\u00eddese de la rigidez del minimalismo, Maria McManus est\u00e1 marcando el comienzo de una nueva era: considerado lujo con conciencia. Su colecci\u00f3n Oto\u00f1o Invierno 2024-2025 trasciende la mera sostenibilidad, convirti\u00e9ndose en un di\u00e1logo entre el dise\u00f1o consciente y las mujeres que lo llevan.<\/font><\/p>\n<p align=\"justify\"><font size=\"3\">McManus, aclamada durante mucho tiempo por creadores de tendencias como Laura Reilly y Leandra Medine, ha construido una marca basada en una sofisticaci\u00f3n silenciosa y detalles bien pensados. Esta temporada, se inspira en la legendaria arquitecta Eileen Gray, conocida por su obra maestra modernista E-1027 y la ic\u00f3nica silla Dragon.<\/font><\/p>\n<p align=\"justify\"><font size=\"3\">La influencia se traduce en ricas texturas y una paleta de negro, cacao y rojo, que refleja los espacios minimalistas pero acogedores de Gray. Pero McManus subvierte las expectativas. Las faldas plisadas de colegiala y los divertidos calzoncillos de punto se yuxtaponen con leggings de encaje conscientes del cuerpo y una espectacular falda de burbujas plateada. Esto no es teatro de pasarela; Es una conversaci\u00f3n sobre la facilidad y el empoderamiento, telegrafiada a trav\u00e9s de siluetas relajadas y una artesan\u00eda meticulosa.<\/font><\/p>\n<p align=\"justify\"><font size=\"3\">Pero el mensaje va m\u00e1s all\u00e1 de la est\u00e9tica. McManus pronuncia un discurso poderoso y sin filtros sobre el estado de la moda. Critica la obsesi\u00f3n de la industria por el crecimiento por encima de la longevidad, su explotaci\u00f3n de las personas y los recursos. Es una llamada a la acci\u00f3n, que insta al consumo consciente y pone de manifiesto la responsabilidad que todos compartimos.<\/font><\/p>\n<p align=\"justify\">ngg_shortcode_0_placeholder<\/p>\n","protected":false},"excerpt":{"rendered":"<p>Olv\u00eddese de la rigidez del minimalismo, Maria McManus est\u00e1 marcando el comienzo de una nueva era: considerado lujo con conciencia. Su colecci\u00f3n Oto\u00f1o Invierno 2024-2025 trasciende la mera sostenibilidad, convirti\u00e9ndose en un di\u00e1logo entre el dise\u00f1o consciente y las mujeres&hellip;<\/p>\n<p class=\"more-link-p\"><a class=\"more-link\" href=\"https:\/\/bobvarela.com\/?p=157676\">Read more &rarr;<\/a><\/p>\n","protected":false},"author":1,"featured_media":0,"comment_status":"open","ping_status":"open","sticky":false,"template":"","format":"standard","meta":{"ngg_post_thumbnail":0,"footnotes":""},"categories":[4],"tags":[],"class_list":["post-157676","post","type-post","status-publish","format-standard","hentry","category-moda"],"_links":{"self":[{"href":"https:\/\/bobvarela.com\/index.php?rest_route=\/wp\/v2\/posts\/157676","targetHints":{"allow":["GET"]}}],"collection":[{"href":"https:\/\/bobvarela.com\/index.php?rest_route=\/wp\/v2\/posts"}],"about":[{"href":"https:\/\/bobvarela.com\/index.php?rest_route=\/wp\/v2\/types\/post"}],"author":[{"embeddable":true,"href":"https:\/\/bobvarela.com\/index.php?rest_route=\/wp\/v2\/users\/1"}],"replies":[{"embeddable":true,"href":"https:\/\/bobvarela.com\/index.php?rest_route=%2Fwp%2Fv2%2Fcomments&post=157676"}],"version-history":[{"count":1,"href":"https:\/\/bobvarela.com\/index.php?rest_route=\/wp\/v2\/posts\/157676\/revisions"}],"predecessor-version":[{"id":157677,"href":"https:\/\/bobvarela.com\/index.php?rest_route=\/wp\/v2\/posts\/157676\/revisions\/157677"}],"wp:attachment":[{"href":"https:\/\/bobvarela.com\/index.php?rest_route=%2Fwp%2Fv2%2Fmedia&parent=157676"}],"wp:term":[{"taxonomy":"category","embeddable":true,"href":"https:\/\/bobvarela.com\/index.php?rest_route=%2Fwp%2Fv2%2Fcategories&post=157676"},{"taxonomy":"post_tag","embeddable":true,"href":"https:\/\/bobvarela.com\/index.php?rest_route=%2Fwp%2Fv2%2Ftags&post=157676"}],"curies":[{"name":"wp","href":"https:\/\/api.w.org\/{rel}","templated":true}]}}