{"id":157872,"date":"2024-02-13T06:14:03","date_gmt":"2024-02-13T10:14:03","guid":{"rendered":"https:\/\/bobvarela.com\/?p=157872"},"modified":"2024-02-13T06:14:03","modified_gmt":"2024-02-13T10:14:03","slug":"coleccin-otoo-invierno-2024-2025-de-helmut-lang","status":"publish","type":"post","link":"https:\/\/bobvarela.com\/?p=157872","title":{"rendered":"Colecci&oacute;n Oto&ntilde;o Invierno 2024-2025 de Helmut Lang"},"content":{"rendered":"<p align=\"justify\"><font size=\"3\">En la segunda colecci\u00f3n Helmut Lang Oto\u00f1o 2024 de Peter Do, la pasarela se convirti\u00f3 en un reflejo de nuestro turbulento mundo. En medio de un tel\u00f3n de fondo de ansiedades globales, Do cre\u00f3 una colecci\u00f3n que sirvi\u00f3 como escudo y declaraci\u00f3n sartorial, haci\u00e9ndose eco del deseo de protecci\u00f3n frente a la adversidad.<\/font><\/p>\n<p align=\"justify\"><font size=\"3\"><strong>El Abrazo Protector<\/strong> &#8211; Protecci\u00f3n emergi\u00f3 como el tema central, entretejido en varios aspectos de las prendas. La apertura del desfile fue una versi\u00f3n reimaginada del ic\u00f3nico conjunto de pl\u00e1stico de burbujas de Helmut Lang, que ofrece una perspectiva fresca y contempor\u00e1nea de lo transparente al tiempo que proporciona una sensaci\u00f3n de seguridad. Esta dualidad, como enfatiz\u00f3 Do, es intr\u00ednseca a la identidad Lang: &#8220;control versus caos, protecci\u00f3n versus atractivo sexual&#8221;.<\/font><\/p>\n<p align=\"justify\"><font size=\"3\">Inspir\u00e1ndose en la &#8220;camisa del metro&#8221;, prendas de gran tama\u00f1o dise\u00f1adas para proteger a las mujeres de la atenci\u00f3n no deseada, Do present\u00f3 uniformes de confecci\u00f3n urbana para todos los g\u00e9neros. Los abrigos con aberturas laterales y cremalleras, los chalecos utilitarios acolchados y los vestidos ajustados con relleno inspirado en el traje de astronauta encarnaron este tema.<\/font><\/p>\n<p align=\"justify\">ngg_shortcode_0_placeholder<\/p>\n","protected":false},"excerpt":{"rendered":"<p>En la segunda colecci\u00f3n Helmut Lang Oto\u00f1o 2024 de Peter Do, la pasarela se convirti\u00f3 en un reflejo de nuestro turbulento mundo. En medio de un tel\u00f3n de fondo de ansiedades globales, Do cre\u00f3 una colecci\u00f3n que sirvi\u00f3 como escudo&hellip;<\/p>\n<p class=\"more-link-p\"><a class=\"more-link\" href=\"https:\/\/bobvarela.com\/?p=157872\">Read more &rarr;<\/a><\/p>\n","protected":false},"author":1,"featured_media":0,"comment_status":"open","ping_status":"open","sticky":false,"template":"","format":"standard","meta":{"ngg_post_thumbnail":0,"footnotes":""},"categories":[4],"tags":[],"class_list":["post-157872","post","type-post","status-publish","format-standard","hentry","category-moda"],"_links":{"self":[{"href":"https:\/\/bobvarela.com\/index.php?rest_route=\/wp\/v2\/posts\/157872","targetHints":{"allow":["GET"]}}],"collection":[{"href":"https:\/\/bobvarela.com\/index.php?rest_route=\/wp\/v2\/posts"}],"about":[{"href":"https:\/\/bobvarela.com\/index.php?rest_route=\/wp\/v2\/types\/post"}],"author":[{"embeddable":true,"href":"https:\/\/bobvarela.com\/index.php?rest_route=\/wp\/v2\/users\/1"}],"replies":[{"embeddable":true,"href":"https:\/\/bobvarela.com\/index.php?rest_route=%2Fwp%2Fv2%2Fcomments&post=157872"}],"version-history":[{"count":1,"href":"https:\/\/bobvarela.com\/index.php?rest_route=\/wp\/v2\/posts\/157872\/revisions"}],"predecessor-version":[{"id":157873,"href":"https:\/\/bobvarela.com\/index.php?rest_route=\/wp\/v2\/posts\/157872\/revisions\/157873"}],"wp:attachment":[{"href":"https:\/\/bobvarela.com\/index.php?rest_route=%2Fwp%2Fv2%2Fmedia&parent=157872"}],"wp:term":[{"taxonomy":"category","embeddable":true,"href":"https:\/\/bobvarela.com\/index.php?rest_route=%2Fwp%2Fv2%2Fcategories&post=157872"},{"taxonomy":"post_tag","embeddable":true,"href":"https:\/\/bobvarela.com\/index.php?rest_route=%2Fwp%2Fv2%2Ftags&post=157872"}],"curies":[{"name":"wp","href":"https:\/\/api.w.org\/{rel}","templated":true}]}}