{"id":159159,"date":"2024-03-04T07:26:04","date_gmt":"2024-03-04T11:26:04","guid":{"rendered":"https:\/\/bobvarela.com\/?p=159159"},"modified":"2024-03-04T07:26:04","modified_gmt":"2024-03-04T11:26:04","slug":"coleccin-otoo-invierno-2024-2025-de-paul-costelloe","status":"publish","type":"post","link":"https:\/\/bobvarela.com\/?p=159159","title":{"rendered":"Colecci&oacute;n Oto&ntilde;o-Invierno 2024-2025 de Paul Costelloe"},"content":{"rendered":"<p align=\"justify\"><font size=\"3\">La colecci\u00f3n Oto\u00f1o-Invierno 2024-2025 de Paul Costelloe hizo un impresionante debut en la Semana de la Moda de Londres, mezclando la esencia de Limerick con las vibraciones urbanas del centro de Nueva York. La pasarela mostr\u00f3 una paleta de blancos, grises oscuros y tweeds intensos, encapsulando el tema de &#8220;\u00c9rase una vez&#8221;.<\/font><\/p>\n<p align=\"justify\"><font size=\"3\">La colecci\u00f3n, que se abri\u00f3 con modelos adornadas con chaquetas blancas y faldas fluidas, se transform\u00f3 a la perfecci\u00f3n en una selecci\u00f3n de conjuntos a cuadros, seguidos de trajes de falda de tweed impecablemente confeccionados y abrigos con cintur\u00f3n en tonos m\u00e1s oscuros. Los vestidos cortos y femeninos a\u00f1adieron un toque de sofisticaci\u00f3n, mientras que los vestidos estampados con mangas abullonadas se robaron el protagonismo para la noche.<\/font><\/p>\n<p align=\"justify\"><ins><font size=\"3\"><\/font><\/ins><\/p>\n<p align=\"justify\"><font size=\"3\">En las notas de su desfile, Costelloe expres\u00f3 su creencia en el atractivo duradero del dise\u00f1o cl\u00e1sico en la alta costura, infundiendo a la colecci\u00f3n un toque personal de nostalgia. Un estampado inspirado en la calle donde vivi\u00f3 una vez agreg\u00f3 una capa sentimental a la pasarela, reflejando recuerdos y sue\u00f1os preciados.<\/font><\/p>\n<p align=\"justify\">ngg_shortcode_0_placeholder<\/p>\n","protected":false},"excerpt":{"rendered":"<p>La colecci\u00f3n Oto\u00f1o-Invierno 2024-2025 de Paul Costelloe hizo un impresionante debut en la Semana de la Moda de Londres, mezclando la esencia de Limerick con las vibraciones urbanas del centro de Nueva York. La pasarela mostr\u00f3 una paleta de blancos,&hellip;<\/p>\n<p class=\"more-link-p\"><a class=\"more-link\" href=\"https:\/\/bobvarela.com\/?p=159159\">Read more &rarr;<\/a><\/p>\n","protected":false},"author":1,"featured_media":0,"comment_status":"open","ping_status":"open","sticky":false,"template":"","format":"standard","meta":{"ngg_post_thumbnail":0,"footnotes":""},"categories":[4],"tags":[],"class_list":["post-159159","post","type-post","status-publish","format-standard","hentry","category-moda"],"_links":{"self":[{"href":"https:\/\/bobvarela.com\/index.php?rest_route=\/wp\/v2\/posts\/159159","targetHints":{"allow":["GET"]}}],"collection":[{"href":"https:\/\/bobvarela.com\/index.php?rest_route=\/wp\/v2\/posts"}],"about":[{"href":"https:\/\/bobvarela.com\/index.php?rest_route=\/wp\/v2\/types\/post"}],"author":[{"embeddable":true,"href":"https:\/\/bobvarela.com\/index.php?rest_route=\/wp\/v2\/users\/1"}],"replies":[{"embeddable":true,"href":"https:\/\/bobvarela.com\/index.php?rest_route=%2Fwp%2Fv2%2Fcomments&post=159159"}],"version-history":[{"count":1,"href":"https:\/\/bobvarela.com\/index.php?rest_route=\/wp\/v2\/posts\/159159\/revisions"}],"predecessor-version":[{"id":159160,"href":"https:\/\/bobvarela.com\/index.php?rest_route=\/wp\/v2\/posts\/159159\/revisions\/159160"}],"wp:attachment":[{"href":"https:\/\/bobvarela.com\/index.php?rest_route=%2Fwp%2Fv2%2Fmedia&parent=159159"}],"wp:term":[{"taxonomy":"category","embeddable":true,"href":"https:\/\/bobvarela.com\/index.php?rest_route=%2Fwp%2Fv2%2Fcategories&post=159159"},{"taxonomy":"post_tag","embeddable":true,"href":"https:\/\/bobvarela.com\/index.php?rest_route=%2Fwp%2Fv2%2Ftags&post=159159"}],"curies":[{"name":"wp","href":"https:\/\/api.w.org\/{rel}","templated":true}]}}