{"id":159263,"date":"2024-03-05T05:38:30","date_gmt":"2024-03-05T09:38:30","guid":{"rendered":"https:\/\/bobvarela.com\/?p=159263"},"modified":"2024-03-05T05:38:30","modified_gmt":"2024-03-05T09:38:30","slug":"coleccin-otoo-invierno-2024-2025-de-isabel-sanchis","status":"publish","type":"post","link":"https:\/\/bobvarela.com\/?p=159263","title":{"rendered":"Colecci&oacute;n Oto&ntilde;o Invierno 2024-2025 de Isabel Sanchis"},"content":{"rendered":"<p align=\"justify\"><font size=\"3\">La fusi\u00f3n de feminidad y elegancia engalan\u00f3 la pasarela de la Semana de la Moda de Madrid con la presentaci\u00f3n de la colecci\u00f3n <strong>Oto\u00f1o Invierno 2024-2025<\/strong> de <strong>Isabel Sanchis<\/strong>. La casa de moda valenciana, liderada por el talentoso d\u00fao de madre e hija formado por Isabel Sanch\u00eds y Paula, cautiv\u00f3 al p\u00fablico con una presentaci\u00f3n que celebra la naturaleza y la artesan\u00eda, manteni\u00e9ndose fiel a la esencia de la marca y abrazando la renovaci\u00f3n para la nueva temporada.<\/font><\/p>\n<p align=\"justify\"><font size=\"3\">La colecci\u00f3n se inspira en la pureza de la naturaleza, fusionando estampados de hojas y \u00e1rboles con delicados bordados de abejas y lib\u00e9lulas. Las llamativas aberturas asim\u00e9tricas de los dise\u00f1os aportan un toque de sensualidad y sofisticaci\u00f3n, enfatizando la feminidad caracter\u00edstica de la marca valenciana. Los accesorios, elaborados con maestr\u00eda artesanal, complementan los looks con grandes pulseras y pendientes en cascada, aportando una sensaci\u00f3n de escultura y refinamiento.<\/font><\/p>\n<p align=\"justify\"><ins><font size=\"3\"><\/font><\/ins><\/p>\n<p align=\"justify\"><font size=\"3\">Los tonos tierra y los naranjas dominan la pasarela, junto con el negro cl\u00e1sico, creando una paleta de colores que refleja el tema natural de la colecci\u00f3n. Las rayas y los cuadros se entrelazan en prendas como pantalones y cors\u00e9s, dando lugar a colas largas y fluidas que aportan movimiento y elegancia a cada conjunto.<\/font><\/p>\n<p align=\"justify\"><font size=\"3\">Con esta colecci\u00f3n, Isabel Sanchis reafirma su posici\u00f3n como una de las marcas m\u00e1s destacadas del panorama de la moda espa\u00f1ola, combinando la belleza atemporal con la innovaci\u00f3n y la artesan\u00eda. La feminidad y la naturaleza cobran protagonismo en la pasarela, demostrando que la elegancia se encuentra en la conexi\u00f3n con nuestro entorno m\u00e1s puro y aut\u00e9ntico.<\/font><\/p>\n<p align=\"justify\">ngg_shortcode_0_placeholder<\/p>\n","protected":false},"excerpt":{"rendered":"<p>La fusi\u00f3n de feminidad y elegancia engalan\u00f3 la pasarela de la Semana de la Moda de Madrid con la presentaci\u00f3n de la colecci\u00f3n Oto\u00f1o Invierno 2024-2025 de Isabel Sanchis. La casa de moda valenciana, liderada por el talentoso d\u00fao de&hellip;<\/p>\n<p class=\"more-link-p\"><a class=\"more-link\" href=\"https:\/\/bobvarela.com\/?p=159263\">Read more &rarr;<\/a><\/p>\n","protected":false},"author":1,"featured_media":0,"comment_status":"open","ping_status":"open","sticky":false,"template":"","format":"standard","meta":{"ngg_post_thumbnail":0,"footnotes":""},"categories":[521,4],"tags":[],"class_list":["post-159263","post","type-post","status-publish","format-standard","hentry","category-madrid","category-moda"],"_links":{"self":[{"href":"https:\/\/bobvarela.com\/index.php?rest_route=\/wp\/v2\/posts\/159263","targetHints":{"allow":["GET"]}}],"collection":[{"href":"https:\/\/bobvarela.com\/index.php?rest_route=\/wp\/v2\/posts"}],"about":[{"href":"https:\/\/bobvarela.com\/index.php?rest_route=\/wp\/v2\/types\/post"}],"author":[{"embeddable":true,"href":"https:\/\/bobvarela.com\/index.php?rest_route=\/wp\/v2\/users\/1"}],"replies":[{"embeddable":true,"href":"https:\/\/bobvarela.com\/index.php?rest_route=%2Fwp%2Fv2%2Fcomments&post=159263"}],"version-history":[{"count":1,"href":"https:\/\/bobvarela.com\/index.php?rest_route=\/wp\/v2\/posts\/159263\/revisions"}],"predecessor-version":[{"id":159264,"href":"https:\/\/bobvarela.com\/index.php?rest_route=\/wp\/v2\/posts\/159263\/revisions\/159264"}],"wp:attachment":[{"href":"https:\/\/bobvarela.com\/index.php?rest_route=%2Fwp%2Fv2%2Fmedia&parent=159263"}],"wp:term":[{"taxonomy":"category","embeddable":true,"href":"https:\/\/bobvarela.com\/index.php?rest_route=%2Fwp%2Fv2%2Fcategories&post=159263"},{"taxonomy":"post_tag","embeddable":true,"href":"https:\/\/bobvarela.com\/index.php?rest_route=%2Fwp%2Fv2%2Ftags&post=159263"}],"curies":[{"name":"wp","href":"https:\/\/api.w.org\/{rel}","templated":true}]}}