{"id":159464,"date":"2024-03-19T05:47:03","date_gmt":"2024-03-19T09:47:03","guid":{"rendered":"https:\/\/bobvarela.com\/?p=159464"},"modified":"2024-03-19T05:47:03","modified_gmt":"2024-03-19T09:47:03","slug":"coleccin-otoo-invierno-2024-2025-de-bora-aksu","status":"publish","type":"post","link":"https:\/\/bobvarela.com\/?p=159464","title":{"rendered":"Colecci&oacute;n Oto&ntilde;o Invierno 2024-2025 de Bora Aksu"},"content":{"rendered":"<p align=\"justify\"><font size=\"3\">La colecci\u00f3n Oto\u00f1o-Invierno 2024-2025 de Bora Aksu se despliega como una conmovedora narrativa inspirada en la vida y obra de la reconocida artista Eva Hesse. El viaje creativo de Aksu comenz\u00f3 con una peregrinaci\u00f3n al lugar de nacimiento de Hesse en Hamburgo, donde se sumergi\u00f3 en el mundo de la artista, cautivado por la inquietante belleza de sus retratos de estudio de Nueva York de la d\u00e9cada de 1960.<\/font><\/p>\n<p align=\"justify\"><font size=\"3\">Inspir\u00e1ndose en las creaciones et\u00e9reas y la conmovedora historia de vida de Hesse, Aksu presenta una colecci\u00f3n tan evocadora como profundamente personal. Los vestidos de encaje de mohair, superpuestos con enaguas iridiscentes, rinden homenaje a los experimentos de Hesse con el l\u00e1tex, mientras que los minivestidos y chaquetas con mangas abullonadas se hacen eco de las camisas esculturales por las que era conocida. Los c\u00e1rdigans de punto se inspiran en los \u00e1rboles esquel\u00e9ticos que bordeaban la calle de la infancia de Hesse, mientras que las chaquetas de p\u00e1jaros y los vestidos de flores evocan el esp\u00edritu de la d\u00e9cada de 1960.<\/font><\/p>\n<p align=\"justify\"><ins><font size=\"3\"><\/font><\/ins><\/p>\n<p align=\"justify\"><font size=\"3\">A lo largo de la colecci\u00f3n, Aksu emplea una paleta de marfiles, marrones y cremas de caramelo, acentuando las intrincadas l\u00edneas de su sastrer\u00eda e infundiendo a cada prenda una sensaci\u00f3n de delicada belleza. Los pa\u00f1uelos de encaje sirven como un gui\u00f1o al peinado caracter\u00edstico de Hesse, agregando un toque de elegancia et\u00e9rea a la est\u00e9tica general.<\/font><\/p>\n<p align=\"justify\"><font size=\"3\">M\u00e1s all\u00e1 de los elementos de sastrer\u00eda, la presencia de Hesse se cierne como esp\u00edritu gu\u00eda en toda la colecci\u00f3n. Aksu rinde homenaje a su resiliencia y creatividad, trazando paralelismos entre su capacidad para transformar el dolor en arte y belleza y su propio viaje art\u00edstico. En un conmovedor giro del destino, Hesse asume el papel de gu\u00eda espiritual para Aksu cuando su madre fallece tr\u00e1gicamente a mitad de la colecci\u00f3n, subrayando la profunda influencia que contin\u00faa ejerciendo en su vida y obra.<\/font><\/p>\n<p align=\"justify\"><font size=\"3\">A pesar de enfrentarse a la adversidad personal, la determinaci\u00f3n inquebrantable de Aksu brilla y culmina en una colecci\u00f3n que sirve como un homenaje a la mujer que lo inspir\u00f3 por primera vez a perseguir su pasi\u00f3n por la moda. De cara a su pr\u00f3xima colecci\u00f3n, centrada en la vida de su madre, la oferta Oto\u00f1o\/Invierno 2024-2025 de Aksu es un testimonio del poder transformador del arte y del legado perdurable de quienes nos inspiran a crear.<\/font><\/p>\n<p align=\"justify\">ngg_shortcode_0_placeholder<\/p>\n","protected":false},"excerpt":{"rendered":"<p>La colecci\u00f3n Oto\u00f1o-Invierno 2024-2025 de Bora Aksu se despliega como una conmovedora narrativa inspirada en la vida y obra de la reconocida artista Eva Hesse. El viaje creativo de Aksu comenz\u00f3 con una peregrinaci\u00f3n al lugar de nacimiento de Hesse&hellip;<\/p>\n<p class=\"more-link-p\"><a class=\"more-link\" href=\"https:\/\/bobvarela.com\/?p=159464\">Read more &rarr;<\/a><\/p>\n","protected":false},"author":1,"featured_media":0,"comment_status":"open","ping_status":"open","sticky":false,"template":"","format":"standard","meta":{"ngg_post_thumbnail":0,"footnotes":""},"categories":[4],"tags":[],"class_list":["post-159464","post","type-post","status-publish","format-standard","hentry","category-moda"],"_links":{"self":[{"href":"https:\/\/bobvarela.com\/index.php?rest_route=\/wp\/v2\/posts\/159464","targetHints":{"allow":["GET"]}}],"collection":[{"href":"https:\/\/bobvarela.com\/index.php?rest_route=\/wp\/v2\/posts"}],"about":[{"href":"https:\/\/bobvarela.com\/index.php?rest_route=\/wp\/v2\/types\/post"}],"author":[{"embeddable":true,"href":"https:\/\/bobvarela.com\/index.php?rest_route=\/wp\/v2\/users\/1"}],"replies":[{"embeddable":true,"href":"https:\/\/bobvarela.com\/index.php?rest_route=%2Fwp%2Fv2%2Fcomments&post=159464"}],"version-history":[{"count":1,"href":"https:\/\/bobvarela.com\/index.php?rest_route=\/wp\/v2\/posts\/159464\/revisions"}],"predecessor-version":[{"id":159465,"href":"https:\/\/bobvarela.com\/index.php?rest_route=\/wp\/v2\/posts\/159464\/revisions\/159465"}],"wp:attachment":[{"href":"https:\/\/bobvarela.com\/index.php?rest_route=%2Fwp%2Fv2%2Fmedia&parent=159464"}],"wp:term":[{"taxonomy":"category","embeddable":true,"href":"https:\/\/bobvarela.com\/index.php?rest_route=%2Fwp%2Fv2%2Fcategories&post=159464"},{"taxonomy":"post_tag","embeddable":true,"href":"https:\/\/bobvarela.com\/index.php?rest_route=%2Fwp%2Fv2%2Ftags&post=159464"}],"curies":[{"name":"wp","href":"https:\/\/api.w.org\/{rel}","templated":true}]}}