{"id":159492,"date":"2024-03-24T08:27:13","date_gmt":"2024-03-24T12:27:13","guid":{"rendered":"https:\/\/bobvarela.com\/?p=159492"},"modified":"2024-03-24T08:27:13","modified_gmt":"2024-03-24T12:27:13","slug":"coleccin-malne-otoo-invierno-2024-2025","status":"publish","type":"post","link":"https:\/\/bobvarela.com\/?p=159492","title":{"rendered":"Colecci&oacute;n Malne Oto&ntilde;o Invierno 2024-2025"},"content":{"rendered":"<p align=\"justify\"><font size=\"3\">La Semana de la Moda de Madrid FW24 ha sido testigo de la presentaci\u00f3n de la colecci\u00f3n Oto\u00f1o Invierno 2024-2025 de Malne, titulada &#8220;Revolution&#8221;, en la que Paloma \u00c1lvarez y Juanjo M\u00e1nez, directores creativos de Malne, redefinen las siluetas cl\u00e1sicas con un toque moderno. Cerrando la segunda jornada de la Semana de la Moda de Madrid en el Pabell\u00f3n 14 de IFEMA, los dise\u00f1adores dieron a conocer una colecci\u00f3n que encarna un estado de \u00e1nimo poderoso, un estilo \u00fanico y una fuerza imparable.<\/font><\/p>\n<p align=\"justify\"><font size=\"3\">Con el poderoso claim &#8220;La revoluci\u00f3n es un estado de \u00e1nimo, un estilo personal, una fuerza imparable&#8221;, Paloma \u00c1lvarez y Juanjo M\u00e1nez marcan la pauta de su \u00faltima propuesta. Bas\u00e1ndose en su amplia experiencia en la industria de la moda, el d\u00fao revisit\u00f3 siluetas atemporales como el traje, el vestido camisero y el vestido lencero, infundi\u00e9ndoles personalidad, fuerza y una sensaci\u00f3n de nuevo lujo. La colecci\u00f3n presenta prendas confeccionadas con telas de lentejuelas, seda y organza, adornadas con estampados atrevidos como el estampado animal, uno de los looks m\u00e1s destacados de la pasarela, y apliques florales en 3D.<\/font><\/p>\n<p align=\"justify\"><ins><font size=\"3\"><\/font><\/ins><\/p>\n<p align=\"justify\"><font size=\"3\">Si bien un toque de influencia militar agrega m\u00e1s dinamismo a la colecci\u00f3n, son los vestidos largos y los monos capa que concluyeron el desfile, previstos para adornar las alfombras rojas internacionales, los que sin duda distinguir\u00e1n esta colecci\u00f3n a lo largo del tiempo. La colecci\u00f3n Oto\u00f1o\/Invierno 2024-2025 de Malne marca un nuevo cap\u00edtulo en sofisticaci\u00f3n, combinando la elegancia cl\u00e1sica con un toque contempor\u00e1neo y estableciendo un nuevo est\u00e1ndar para el lujo moderno.<\/font><\/p>\n<p align=\"justify\"><font size=\"3\">ngg_shortcode_0_placeholder<\/font><\/p>\n","protected":false},"excerpt":{"rendered":"<p>La Semana de la Moda de Madrid FW24 ha sido testigo de la presentaci\u00f3n de la colecci\u00f3n Oto\u00f1o Invierno 2024-2025 de Malne, titulada &#8220;Revolution&#8221;, en la que Paloma \u00c1lvarez y Juanjo M\u00e1nez, directores creativos de Malne, redefinen las siluetas cl\u00e1sicas&hellip;<\/p>\n<p class=\"more-link-p\"><a class=\"more-link\" href=\"https:\/\/bobvarela.com\/?p=159492\">Read more &rarr;<\/a><\/p>\n","protected":false},"author":1,"featured_media":0,"comment_status":"open","ping_status":"open","sticky":false,"template":"","format":"standard","meta":{"ngg_post_thumbnail":0,"footnotes":""},"categories":[4],"tags":[],"class_list":["post-159492","post","type-post","status-publish","format-standard","hentry","category-moda"],"_links":{"self":[{"href":"https:\/\/bobvarela.com\/index.php?rest_route=\/wp\/v2\/posts\/159492","targetHints":{"allow":["GET"]}}],"collection":[{"href":"https:\/\/bobvarela.com\/index.php?rest_route=\/wp\/v2\/posts"}],"about":[{"href":"https:\/\/bobvarela.com\/index.php?rest_route=\/wp\/v2\/types\/post"}],"author":[{"embeddable":true,"href":"https:\/\/bobvarela.com\/index.php?rest_route=\/wp\/v2\/users\/1"}],"replies":[{"embeddable":true,"href":"https:\/\/bobvarela.com\/index.php?rest_route=%2Fwp%2Fv2%2Fcomments&post=159492"}],"version-history":[{"count":1,"href":"https:\/\/bobvarela.com\/index.php?rest_route=\/wp\/v2\/posts\/159492\/revisions"}],"predecessor-version":[{"id":159493,"href":"https:\/\/bobvarela.com\/index.php?rest_route=\/wp\/v2\/posts\/159492\/revisions\/159493"}],"wp:attachment":[{"href":"https:\/\/bobvarela.com\/index.php?rest_route=%2Fwp%2Fv2%2Fmedia&parent=159492"}],"wp:term":[{"taxonomy":"category","embeddable":true,"href":"https:\/\/bobvarela.com\/index.php?rest_route=%2Fwp%2Fv2%2Fcategories&post=159492"},{"taxonomy":"post_tag","embeddable":true,"href":"https:\/\/bobvarela.com\/index.php?rest_route=%2Fwp%2Fv2%2Ftags&post=159492"}],"curies":[{"name":"wp","href":"https:\/\/api.w.org\/{rel}","templated":true}]}}