{"id":159528,"date":"2024-03-24T08:32:56","date_gmt":"2024-03-24T12:32:56","guid":{"rendered":"https:\/\/bobvarela.com\/?p=159528"},"modified":"2024-03-24T08:33:17","modified_gmt":"2024-03-24T12:33:17","slug":"coleccin-otoo-invierno-2024-2025-de-encinar","status":"publish","type":"post","link":"https:\/\/bobvarela.com\/?p=159528","title":{"rendered":"Colecci&oacute;n Oto&ntilde;o Invierno 2024-2025 de Encinar"},"content":{"rendered":"<p align=\"justify\"><font size=\"3\">Fabio Encinar regres\u00f3 a la pasarela de IFEMA un a\u00f1o despu\u00e9s de su debut en febrero de 2023, presentando su colecci\u00f3n Oto\u00f1o Invierno 2024-2025 en la 79\u00aa edici\u00f3n de la Semana de la Moda de Madrid. Su marca hom\u00f3nima present\u00f3 una intrigante colecci\u00f3n en el segundo d\u00eda del evento, inspir\u00e1ndose en una de las mujeres m\u00e1s destacadas de la historia espa\u00f1ola del siglo XX: la condesa de Romanones. El joven dise\u00f1ador, conocido por mezclar la artesan\u00eda con la cultura en sus creaciones, ha explicado que esta nueva propuesta surge &#8220;de las ra\u00edces m\u00e1s profundas de nuestro patrimonio y folclore, visto a trav\u00e9s de los ojos de alguien que lleg\u00f3 a Espa\u00f1a desde Norteam\u00e9rica en la d\u00e9cada de 1940&#8221;. Ese alguien es Aline Griffith, una esp\u00eda de la Oficina de Servicios Estrat\u00e9gicos en los Estados Unidos de Franklin Roosevelt, que se integr\u00f3 a la perfecci\u00f3n en la alta sociedad de la \u00e9poca, asistiendo a sofisticadas fiestas y tablaos flamencos -entre sus amigas m\u00e1s cercanas estaban la duquesa de Alba y Lola Flores- y finalmente se enamor\u00f3 del conde \u00c1lvaro Figueroa Torres.<\/font><\/p>\n<p align=\"justify\"><font size=\"3\">En honor a su memoria, el dise\u00f1ador busc\u00f3 inspiraci\u00f3n, con la invaluable ayuda de Lulu Figueroa, nieta de Aline Griffith, quien lo ayud\u00f3 a sumergirse en su historia. Los looks de esta nueva colecci\u00f3n comienzan con tonos negros, haciendo referencia a sus d\u00edas de espionaje, y poco a poco evolucionan hacia colores vibrantes que estallan en sedas salvajes, muar\u00e9, tafetanes y brocados.<\/font><\/p>\n<p align=\"justify\"><font size=\"3\">La colecci\u00f3n Oto\u00f1o-Invierno 2024-2025 de Fabio Encinar rinde homenaje a una mujer extraordinaria cuya vida estuvo entrelazada con el espionaje, el glamour y el amor, ofreciendo una narrativa cautivadora que entrelaza a la perfecci\u00f3n la historia, la cultura y la artesan\u00eda. A trav\u00e9s de sus dise\u00f1os, Encinar da vida al esp\u00edritu de Aline Griffith, celebrando su legado y el rico tapiz de la herencia y el folclore espa\u00f1oles.<\/font><\/p>\n<p align=\"justify\"><font size=\"3\">ngg_shortcode_0_placeholder<\/font><\/p>\n<p><font size=\"3\"><\/font><\/p>\n","protected":false},"excerpt":{"rendered":"<p>Fabio Encinar regres\u00f3 a la pasarela de IFEMA un a\u00f1o despu\u00e9s de su debut en febrero de 2023, presentando su colecci\u00f3n Oto\u00f1o Invierno 2024-2025 en la 79\u00aa edici\u00f3n de la Semana de la Moda de Madrid. Su marca hom\u00f3nima present\u00f3&hellip;<\/p>\n<p class=\"more-link-p\"><a class=\"more-link\" href=\"https:\/\/bobvarela.com\/?p=159528\">Read more &rarr;<\/a><\/p>\n","protected":false},"author":1,"featured_media":0,"comment_status":"open","ping_status":"open","sticky":false,"template":"","format":"standard","meta":{"ngg_post_thumbnail":0,"footnotes":""},"categories":[521,4],"tags":[],"class_list":["post-159528","post","type-post","status-publish","format-standard","hentry","category-madrid","category-moda"],"_links":{"self":[{"href":"https:\/\/bobvarela.com\/index.php?rest_route=\/wp\/v2\/posts\/159528","targetHints":{"allow":["GET"]}}],"collection":[{"href":"https:\/\/bobvarela.com\/index.php?rest_route=\/wp\/v2\/posts"}],"about":[{"href":"https:\/\/bobvarela.com\/index.php?rest_route=\/wp\/v2\/types\/post"}],"author":[{"embeddable":true,"href":"https:\/\/bobvarela.com\/index.php?rest_route=\/wp\/v2\/users\/1"}],"replies":[{"embeddable":true,"href":"https:\/\/bobvarela.com\/index.php?rest_route=%2Fwp%2Fv2%2Fcomments&post=159528"}],"version-history":[{"count":2,"href":"https:\/\/bobvarela.com\/index.php?rest_route=\/wp\/v2\/posts\/159528\/revisions"}],"predecessor-version":[{"id":159530,"href":"https:\/\/bobvarela.com\/index.php?rest_route=\/wp\/v2\/posts\/159528\/revisions\/159530"}],"wp:attachment":[{"href":"https:\/\/bobvarela.com\/index.php?rest_route=%2Fwp%2Fv2%2Fmedia&parent=159528"}],"wp:term":[{"taxonomy":"category","embeddable":true,"href":"https:\/\/bobvarela.com\/index.php?rest_route=%2Fwp%2Fv2%2Fcategories&post=159528"},{"taxonomy":"post_tag","embeddable":true,"href":"https:\/\/bobvarela.com\/index.php?rest_route=%2Fwp%2Fv2%2Ftags&post=159528"}],"curies":[{"name":"wp","href":"https:\/\/api.w.org\/{rel}","templated":true}]}}