{"id":159631,"date":"2024-04-11T05:43:49","date_gmt":"2024-04-11T09:43:49","guid":{"rendered":"https:\/\/bobvarela.com\/?p=159631"},"modified":"2024-04-11T05:43:49","modified_gmt":"2024-04-11T09:43:49","slug":"tw-fashion-runway-de-ny-a-pr-2024","status":"publish","type":"post","link":"https:\/\/bobvarela.com\/?p=159631","title":{"rendered":"TW Fashion Runway De NY a PR 2024"},"content":{"rendered":"<p align=\"justify\"><font size=\"3\"> El pasado 7 de abril ser llevo acabo el evento de modas en el emblem\u00e1tico Cuartel de Ballaja en San Juan, donde se uni\u00f3 la moda de los dise\u00f1adores Juan Colon, Sanel Rivera y la l\u00ednea I Love Mel D. La colecci\u00f3n del dise\u00f1ador Juan Colon presenta una moda con influencia Morroca con cortes modernos. Sanel Rivera present\u00f3 una colecci\u00f3n con estilos m\u00e1s arriesgados y modernos. La Marca I Love Mel D cerro el evento con su propuesta de Kids y Preteens con colores rosados y pasteles. La pasarela comenz\u00f3 en la emblem\u00e1tico patio del Cuartel Ballaja y terminado en Alegr\u00eda Bar, el arreglo de modelos fue por Myrta Velez de MVO Promakeup.<\/font><\/p>\n<p align=\"justify\"><font size=\"3\">Desfiile de Juan Colon<\/font><\/p>\n<p align=\"justify\">ngg_shortcode_0_placeholder<\/p>\n<p align=\"justify\"><font size=\"3\">Desfile de Sanel Rivera<\/font><\/p>\n<p align=\"justify\">ngg_shortcode_1_placeholder<\/p>\n<p align=\"justify\"><font size=\"3\">Desfile Linea l\u00ednea I Love Mel D<\/font><\/p>\n<p align=\"justify\">ngg_shortcode_2_placeholder<\/p>\n","protected":false},"excerpt":{"rendered":"<p>El pasado 7 de abril ser llevo acabo el evento de modas en el emblem\u00e1tico Cuartel de Ballaja en San Juan, donde se uni\u00f3 la moda de los dise\u00f1adores Juan Colon, Sanel Rivera y la l\u00ednea I Love Mel D.&hellip;<\/p>\n<p class=\"more-link-p\"><a class=\"more-link\" href=\"https:\/\/bobvarela.com\/?p=159631\">Read more &rarr;<\/a><\/p>\n","protected":false},"author":1,"featured_media":0,"comment_status":"open","ping_status":"open","sticky":false,"template":"","format":"standard","meta":{"ngg_post_thumbnail":0,"footnotes":""},"categories":[4,295],"tags":[],"class_list":["post-159631","post","type-post","status-publish","format-standard","hentry","category-moda","category-puerto-rico"],"_links":{"self":[{"href":"https:\/\/bobvarela.com\/index.php?rest_route=\/wp\/v2\/posts\/159631","targetHints":{"allow":["GET"]}}],"collection":[{"href":"https:\/\/bobvarela.com\/index.php?rest_route=\/wp\/v2\/posts"}],"about":[{"href":"https:\/\/bobvarela.com\/index.php?rest_route=\/wp\/v2\/types\/post"}],"author":[{"embeddable":true,"href":"https:\/\/bobvarela.com\/index.php?rest_route=\/wp\/v2\/users\/1"}],"replies":[{"embeddable":true,"href":"https:\/\/bobvarela.com\/index.php?rest_route=%2Fwp%2Fv2%2Fcomments&post=159631"}],"version-history":[{"count":1,"href":"https:\/\/bobvarela.com\/index.php?rest_route=\/wp\/v2\/posts\/159631\/revisions"}],"predecessor-version":[{"id":159632,"href":"https:\/\/bobvarela.com\/index.php?rest_route=\/wp\/v2\/posts\/159631\/revisions\/159632"}],"wp:attachment":[{"href":"https:\/\/bobvarela.com\/index.php?rest_route=%2Fwp%2Fv2%2Fmedia&parent=159631"}],"wp:term":[{"taxonomy":"category","embeddable":true,"href":"https:\/\/bobvarela.com\/index.php?rest_route=%2Fwp%2Fv2%2Fcategories&post=159631"},{"taxonomy":"post_tag","embeddable":true,"href":"https:\/\/bobvarela.com\/index.php?rest_route=%2Fwp%2Fv2%2Ftags&post=159631"}],"curies":[{"name":"wp","href":"https:\/\/api.w.org\/{rel}","templated":true}]}}