{"id":159727,"date":"2024-04-15T16:25:44","date_gmt":"2024-04-15T20:25:44","guid":{"rendered":"https:\/\/bobvarela.com\/?p=159727"},"modified":"2024-04-15T16:25:44","modified_gmt":"2024-04-15T20:25:44","slug":"coleccin-intimo-by-jos-ral","status":"publish","type":"post","link":"https:\/\/bobvarela.com\/?p=159727","title":{"rendered":"Colecci&oacute;n Intimo by Jos&eacute; Ra&uacute;l"},"content":{"rendered":"<p align=\"justify\"><font size=\"3\">Colecci\u00f3n Resort 2024 dedicada e inspirada en la celebraci\u00f3n&nbsp; de la clientela que apoya y consume lo de aqu\u00ed. <\/font><\/p>\n<p align=\"justify\"><font size=\"3\">INTIMO by Jos\u00e9 Ra\u00fal es una colecci\u00f3n compuesta por diferentes estilos que permiten viajar desde lo casual a lo formal teniendo presente la elegancia en todo momento.&nbsp; <\/font><\/p>\n<p align=\"justify\"><font size=\"3\">Los estilos, colores y textiles presentan la fluidez y transparencia del dise\u00f1ador a trav\u00e9s de sus 20 a\u00f1os de trayectoria en la industria de la moda local resaltando el buen gusto y la pasi\u00f3n por salir de lo convencional.<\/font><\/p>\n<p align=\"justify\"><font size=\"3\">La moda masculina resalta lo atrevido de su propuesta mientras reta al consumidor a lucir como toda una celebridad.<\/font><\/p>\n<p align=\"justify\">ngg_shortcode_0_placeholder<\/p>\n","protected":false},"excerpt":{"rendered":"<p>Colecci\u00f3n Resort 2024 dedicada e inspirada en la celebraci\u00f3n&nbsp; de la clientela que apoya y consume lo de aqu\u00ed. INTIMO by Jos\u00e9 Ra\u00fal es una colecci\u00f3n compuesta por diferentes estilos que permiten viajar desde lo casual a lo formal teniendo&hellip;<\/p>\n<p class=\"more-link-p\"><a class=\"more-link\" href=\"https:\/\/bobvarela.com\/?p=159727\">Read more &rarr;<\/a><\/p>\n","protected":false},"author":1,"featured_media":0,"comment_status":"open","ping_status":"open","sticky":false,"template":"","format":"standard","meta":{"ngg_post_thumbnail":0,"footnotes":""},"categories":[4,295],"tags":[],"class_list":["post-159727","post","type-post","status-publish","format-standard","hentry","category-moda","category-puerto-rico"],"_links":{"self":[{"href":"https:\/\/bobvarela.com\/index.php?rest_route=\/wp\/v2\/posts\/159727","targetHints":{"allow":["GET"]}}],"collection":[{"href":"https:\/\/bobvarela.com\/index.php?rest_route=\/wp\/v2\/posts"}],"about":[{"href":"https:\/\/bobvarela.com\/index.php?rest_route=\/wp\/v2\/types\/post"}],"author":[{"embeddable":true,"href":"https:\/\/bobvarela.com\/index.php?rest_route=\/wp\/v2\/users\/1"}],"replies":[{"embeddable":true,"href":"https:\/\/bobvarela.com\/index.php?rest_route=%2Fwp%2Fv2%2Fcomments&post=159727"}],"version-history":[{"count":1,"href":"https:\/\/bobvarela.com\/index.php?rest_route=\/wp\/v2\/posts\/159727\/revisions"}],"predecessor-version":[{"id":159728,"href":"https:\/\/bobvarela.com\/index.php?rest_route=\/wp\/v2\/posts\/159727\/revisions\/159728"}],"wp:attachment":[{"href":"https:\/\/bobvarela.com\/index.php?rest_route=%2Fwp%2Fv2%2Fmedia&parent=159727"}],"wp:term":[{"taxonomy":"category","embeddable":true,"href":"https:\/\/bobvarela.com\/index.php?rest_route=%2Fwp%2Fv2%2Fcategories&post=159727"},{"taxonomy":"post_tag","embeddable":true,"href":"https:\/\/bobvarela.com\/index.php?rest_route=%2Fwp%2Fv2%2Ftags&post=159727"}],"curies":[{"name":"wp","href":"https:\/\/api.w.org\/{rel}","templated":true}]}}