{"id":160012,"date":"2024-04-18T05:40:23","date_gmt":"2024-04-18T09:40:23","guid":{"rendered":"https:\/\/bobvarela.com\/?p=160012"},"modified":"2024-04-18T05:40:23","modified_gmt":"2024-04-18T09:40:23","slug":"coleccin-primavera-verano-2025-de-gloria-coelho","status":"publish","type":"post","link":"https:\/\/bobvarela.com\/?p=160012","title":{"rendered":"Colecci&oacute;n Primavera Verano 2025 de Gloria Coelho"},"content":{"rendered":"<p align=\"justify\"><font size=\"3\">Celebrando los 50 a\u00f1os de su marca, antes conocida simplemente por la inicial &#8216;G&#8217;, Gloria Coelho present\u00f3 su \u00faltima colecci\u00f3n en lo que pretend\u00eda ser un asunto \u00edntimo, pero atrajo a una multitud de fans de la dise\u00f1adora a la galer\u00eda Nara Roesler en Jardim Europa durante la Semana de la Moda N57 de S\u00e3o Paulo el 15 de abril de 2024.<\/font><\/p>\n<p align=\"justify\"><font size=\"3\">A lo largo de su ilustre carrera, Gloria Coelho ha entregado constantemente un trabajo impecable infundido con ricas referencias a la moda y la cultura que abarcan d\u00e9cadas. Para su colecci\u00f3n Primavera\/Verano 2025, Coelho se inspir\u00f3 en varias fuentes, como la d\u00e9cada de 1960, los atuendos de ballet, Kate Moss, las armaduras, el Op-Art e incluso Pok\u00e9mon.<\/font><\/p>\n<p align=\"justify\"><ins><font size=\"3\"><\/font><\/ins><\/p>\n<p align=\"justify\"><font size=\"3\">El sello distintivo de las creaciones de Gloria Coelho radica en su atractivo visualmente impactante, una caracter\u00edstica que le ha valido una clientela fiel a lo largo de los a\u00f1os. Sin embargo, cada colecci\u00f3n tambi\u00e9n aporta algo nuevo. El punto focal de esta colecci\u00f3n en particular fueron las intrincadas aplicaciones en la tela de tul, como esferas y flores elaboradas con el mismo material, as\u00ed como flecos de sat\u00e9n, cintas y lentejuelas de doble cara. Estos adornos adornaban vestidos de estilo columna en tonos marinos, azules y rojos, caracterizados por paneles transparentes y tirantes discretos, a menudo hechos de tul casi invisible o delicados como una mu\u00f1eca.<\/font><\/p>\n<p align=\"justify\"><font size=\"3\">Como era de esperar, la paleta de colores presentaba una abundancia de blanco, que se ve en faldas plisadas midi combinadas con cors\u00e9s blancos o chaquetas cortas, as\u00ed como negro, exhibido en vestidos con detalles recortados, longitudes m\u00e1s cortas, telas livianas y elementos transparentes, o en los blazers con espalda plisada. Toda la presentaci\u00f3n sirvi\u00f3 como un resumen adecuado del viaje de Coelho hasta ahora y un testimonio de su compromiso continuo con la innovaci\u00f3n y la evoluci\u00f3n.<\/font><\/p>\n<p align=\"justify\"><font size=\"3\">ngg_shortcode_0_placeholder<\/font><\/p>\n","protected":false},"excerpt":{"rendered":"<p>Celebrando los 50 a\u00f1os de su marca, antes conocida simplemente por la inicial &#8216;G&#8217;, Gloria Coelho present\u00f3 su \u00faltima colecci\u00f3n en lo que pretend\u00eda ser un asunto \u00edntimo, pero atrajo a una multitud de fans de la dise\u00f1adora a la&hellip;<\/p>\n<p class=\"more-link-p\"><a class=\"more-link\" href=\"https:\/\/bobvarela.com\/?p=160012\">Read more &rarr;<\/a><\/p>\n","protected":false},"author":1,"featured_media":0,"comment_status":"open","ping_status":"open","sticky":false,"template":"","format":"standard","meta":{"ngg_post_thumbnail":0,"footnotes":""},"categories":[4],"tags":[],"class_list":["post-160012","post","type-post","status-publish","format-standard","hentry","category-moda"],"_links":{"self":[{"href":"https:\/\/bobvarela.com\/index.php?rest_route=\/wp\/v2\/posts\/160012","targetHints":{"allow":["GET"]}}],"collection":[{"href":"https:\/\/bobvarela.com\/index.php?rest_route=\/wp\/v2\/posts"}],"about":[{"href":"https:\/\/bobvarela.com\/index.php?rest_route=\/wp\/v2\/types\/post"}],"author":[{"embeddable":true,"href":"https:\/\/bobvarela.com\/index.php?rest_route=\/wp\/v2\/users\/1"}],"replies":[{"embeddable":true,"href":"https:\/\/bobvarela.com\/index.php?rest_route=%2Fwp%2Fv2%2Fcomments&post=160012"}],"version-history":[{"count":2,"href":"https:\/\/bobvarela.com\/index.php?rest_route=\/wp\/v2\/posts\/160012\/revisions"}],"predecessor-version":[{"id":160058,"href":"https:\/\/bobvarela.com\/index.php?rest_route=\/wp\/v2\/posts\/160012\/revisions\/160058"}],"wp:attachment":[{"href":"https:\/\/bobvarela.com\/index.php?rest_route=%2Fwp%2Fv2%2Fmedia&parent=160012"}],"wp:term":[{"taxonomy":"category","embeddable":true,"href":"https:\/\/bobvarela.com\/index.php?rest_route=%2Fwp%2Fv2%2Fcategories&post=160012"},{"taxonomy":"post_tag","embeddable":true,"href":"https:\/\/bobvarela.com\/index.php?rest_route=%2Fwp%2Fv2%2Ftags&post=160012"}],"curies":[{"name":"wp","href":"https:\/\/api.w.org\/{rel}","templated":true}]}}