{"id":160059,"date":"2024-04-29T06:42:53","date_gmt":"2024-04-29T10:42:53","guid":{"rendered":"https:\/\/bobvarela.com\/?p=160059"},"modified":"2024-04-29T06:42:53","modified_gmt":"2024-04-29T10:42:53","slug":"desfile-de-lilly-sarti-primavera-verano-2025","status":"publish","type":"post","link":"https:\/\/bobvarela.com\/?p=160059","title":{"rendered":"Desfile de Lilly Sarti Primavera Verano 2025"},"content":{"rendered":"<p align=\"justify\"><font size=\"3\">Lilly Sarti abri\u00f3 el segundo d\u00eda de la Semana de la Moda N57 de S\u00e3o Paulo con una colecci\u00f3n vibrante y ecl\u00e9ctica que celebr\u00f3 el 18\u00ba aniversario de la marca. El desfile, titulado &#8220;Sof\u00eda&#8221;, fue un homenaje personal a la madre de la dise\u00f1adora, quien ha sido una fuente constante de inspiraci\u00f3n a lo largo de su carrera.<\/font><\/p>\n<p align=\"justify\"><font size=\"3\">La colecci\u00f3n fue una mezcla magistral de los c\u00f3digos caracter\u00edsticos de la marca (cinturas ce\u00f1idas, sastrer\u00eda inspirada en la d\u00e9cada de 1980, detalles bohemios y amor por las telas lujosas) con siluetas frescas y modernas. Los m\u00e1s destacados incluyeron un vestido de un solo hombro con rayas verdes en un lado y lentejuelas doradas en el otro, y un look entallado con un blazer corto, pantalones relajados, un peplum y una camisa con cuello de sacerdote.<\/font><\/p>\n<p align=\"justify\"><ins><font size=\"3\"><\/font><\/ins><\/p>\n<p align=\"justify\"><font size=\"3\">La colecci\u00f3n tambi\u00e9n cont\u00f3 con una serie de piezas m\u00e1s informales, como jeans de gran tama\u00f1o combinados con una camiseta blanca y una chaqueta de gran tama\u00f1o, o una blusa de seda y un blazer azul marino. Estos looks fueron un gui\u00f1o al estilo natural y desenfadado de las mujeres que han inspirado la marca desde sus inicios: la propia Lilly Sarti, su hermana Renata y su madre Sof\u00eda.<\/font><\/p>\n<p align=\"justify\"><font size=\"3\">En una entrevista antes del desfile, Lilly Sarti habl\u00f3 sobre la importancia de mantenerse fiel a su propia visi\u00f3n y no estar atada a las tendencias. &#8220;Nunca quise tener un tema o estilo espec\u00edfico&#8221;, dijo. &#8220;Quer\u00eda tener la libertad de hacer algo que fuera realmente genuino&#8221;.<\/font><\/p>\n<p align=\"justify\"><ins><font size=\"3\"><\/font><\/ins><\/p>\n<p align=\"justify\"><font size=\"3\">Este compromiso con la autenticidad ha sido un factor clave en el \u00e9xito de la marca en los \u00faltimos 18 a\u00f1os. Lilly Sarti se ha labrado un nicho \u00fanico en el mundo de la moda al ofrecer ropa que es a la vez elegante y ponible. La colecci\u00f3n Primavera\/Verano 2025 es un ejemplo perfecto de ello, y seguro que atraer\u00e1 a las mujeres que aprecian el dise\u00f1o atemporal y la artesan\u00eda impecable.<\/font><\/p>\n<p align=\"justify\">ngg_shortcode_0_placeholder<\/p>\n","protected":false},"excerpt":{"rendered":"<p>Lilly Sarti abri\u00f3 el segundo d\u00eda de la Semana de la Moda N57 de S\u00e3o Paulo con una colecci\u00f3n vibrante y ecl\u00e9ctica que celebr\u00f3 el 18\u00ba aniversario de la marca. El desfile, titulado &#8220;Sof\u00eda&#8221;, fue un homenaje personal a la&hellip;<\/p>\n<p class=\"more-link-p\"><a class=\"more-link\" href=\"https:\/\/bobvarela.com\/?p=160059\">Read more &rarr;<\/a><\/p>\n","protected":false},"author":1,"featured_media":0,"comment_status":"open","ping_status":"open","sticky":false,"template":"","format":"standard","meta":{"ngg_post_thumbnail":0,"footnotes":""},"categories":[4],"tags":[],"class_list":["post-160059","post","type-post","status-publish","format-standard","hentry","category-moda"],"_links":{"self":[{"href":"https:\/\/bobvarela.com\/index.php?rest_route=\/wp\/v2\/posts\/160059","targetHints":{"allow":["GET"]}}],"collection":[{"href":"https:\/\/bobvarela.com\/index.php?rest_route=\/wp\/v2\/posts"}],"about":[{"href":"https:\/\/bobvarela.com\/index.php?rest_route=\/wp\/v2\/types\/post"}],"author":[{"embeddable":true,"href":"https:\/\/bobvarela.com\/index.php?rest_route=\/wp\/v2\/users\/1"}],"replies":[{"embeddable":true,"href":"https:\/\/bobvarela.com\/index.php?rest_route=%2Fwp%2Fv2%2Fcomments&post=160059"}],"version-history":[{"count":1,"href":"https:\/\/bobvarela.com\/index.php?rest_route=\/wp\/v2\/posts\/160059\/revisions"}],"predecessor-version":[{"id":160060,"href":"https:\/\/bobvarela.com\/index.php?rest_route=\/wp\/v2\/posts\/160059\/revisions\/160060"}],"wp:attachment":[{"href":"https:\/\/bobvarela.com\/index.php?rest_route=%2Fwp%2Fv2%2Fmedia&parent=160059"}],"wp:term":[{"taxonomy":"category","embeddable":true,"href":"https:\/\/bobvarela.com\/index.php?rest_route=%2Fwp%2Fv2%2Fcategories&post=160059"},{"taxonomy":"post_tag","embeddable":true,"href":"https:\/\/bobvarela.com\/index.php?rest_route=%2Fwp%2Fv2%2Ftags&post=160059"}],"curies":[{"name":"wp","href":"https:\/\/api.w.org\/{rel}","templated":true}]}}