{"id":160089,"date":"2024-04-29T06:51:09","date_gmt":"2024-04-29T10:51:09","guid":{"rendered":"https:\/\/bobvarela.com\/?p=160089"},"modified":"2024-04-29T06:51:09","modified_gmt":"2024-04-29T10:51:09","slug":"desfile-de-weider-silveiro-primavera-verano-2025","status":"publish","type":"post","link":"https:\/\/bobvarela.com\/?p=160089","title":{"rendered":"Desfile de Weider Silveiro Primavera Verano 2025"},"content":{"rendered":"<p align=\"justify\"><font size=\"3\">El viaje de Weider Silveiro en la moda ha sido una narrativa encantadora de abrazar las t\u00e9cnicas artesanales regionales con un fervor que solo se intensifica con el tiempo. El profundo amor del dise\u00f1ador por las im\u00e1genes de la moda lo ha mantenido atado durante mucho tiempo a las pasarelas internacionales, sin embargo, recientemente ha entrelazado sus presentaciones de manera m\u00e1s conspicua con el esp\u00edritu de &#8220;hecho en Brasil&#8221;. Y parece que le est\u00e1 funcionando espl\u00e9ndidamente. \u00a1Qu\u00e9 delicia!<\/font><\/p>\n<p align=\"justify\"><font size=\"3\">En la Semana de la Moda N57 de S\u00e3o Paulo el 12 de abril de 2024, Silveiro present\u00f3 su colecci\u00f3n Primavera Verano 2025 titulada &#8220;Prosopopea&#8221;, un homenaje a las influencias africanas impregnado del sabor urbano que se ha convertido en sin\u00f3nimo de su estilo. El espect\u00e1culo, un vibrante tapiz de fusi\u00f3n cultural, comenz\u00f3 con ritmos que recuerdan a los tambores africanos, preparando el escenario para una exploraci\u00f3n del \u00faltimo viaje sartorial de Silveiro.<\/font><\/p>\n<p align=\"justify\"><ins><font size=\"3\"><\/font><\/ins><\/p>\n<p align=\"justify\"><font size=\"3\">Un elemento central de esta colecci\u00f3n es el redescubrimiento de Silveiro de los antiguos adornos africanos, un motivo en el que hab\u00eda profundizado previamente al comienzo de su carrera y que ahora resucita para adornar su lienzo de creatividad. Inspir\u00e1ndose en la ornamentaci\u00f3n africana, la colecci\u00f3n presenta una t\u00e9cnica conocida como &#8220;panejamento&#8221;, en la que se elaboran vol\u00famenes espec\u00edficos a trav\u00e9s de un meticuloso juego de nudos y capas, remodelando las siluetas con un toque contempor\u00e1neo.<\/font><\/p>\n<p align=\"justify\"><font size=\"3\">En una sinfon\u00eda de simplicidad, las prendas van desde vestidos largos fluidos hasta conjuntos de largo midi, puntuados por prendas separadas como pantalones anchos y corpi\u00f1os cortos. Silveiro emplea t\u00e9cnicas de ganchillo, utilizando los bordes de los orillos de las telas y los intrincados abalorios conocidos como &#8220;mi\u00e7ang\u00e3o&#8221; o &#8220;terer\u00ea&#8221;, embelleciendo sus creaciones con abalorios de variados tonos y tama\u00f1os. La paleta de colores oscila entre los neutros terrosos como el beige y el marr\u00f3n hasta la audaz vitalidad del amarillo y el aguamarina, con detalles de mezclilla que agregan un contraste informal a la sofisticaci\u00f3n inherente a la artesan\u00eda de Silveiro.<\/font><\/p>\n<p align=\"justify\"><ins><font size=\"3\"><\/font><\/ins><\/p>\n<p align=\"justify\"><font size=\"3\">Lo que distingue a &#8220;Prosopopea&#8221; no es solo su atractivo est\u00e9tico, sino la narrativa que teje: una historia de intercambio cultural, donde la artesan\u00eda tradicional africana converge con el esp\u00edritu brasile\u00f1o contempor\u00e1neo, lo que da como resultado una colecci\u00f3n que es a la vez atemporal y oportuna. La h\u00e1bil mano de Silveiro para casar la herencia con la modernidad es evidente, ofreciendo una visi\u00f3n de un panorama de la moda que celebra la diversidad, la innovaci\u00f3n y el esp\u00edritu de colaboraci\u00f3n.<\/font><\/p>\n<p align=\"justify\">ngg_shortcode_0_placeholder<\/p>\n","protected":false},"excerpt":{"rendered":"<p>El viaje de Weider Silveiro en la moda ha sido una narrativa encantadora de abrazar las t\u00e9cnicas artesanales regionales con un fervor que solo se intensifica con el tiempo. El profundo amor del dise\u00f1ador por las im\u00e1genes de la moda&hellip;<\/p>\n<p class=\"more-link-p\"><a class=\"more-link\" href=\"https:\/\/bobvarela.com\/?p=160089\">Read more &rarr;<\/a><\/p>\n","protected":false},"author":1,"featured_media":0,"comment_status":"open","ping_status":"open","sticky":false,"template":"","format":"standard","meta":{"ngg_post_thumbnail":0,"footnotes":""},"categories":[4],"tags":[],"class_list":["post-160089","post","type-post","status-publish","format-standard","hentry","category-moda"],"_links":{"self":[{"href":"https:\/\/bobvarela.com\/index.php?rest_route=\/wp\/v2\/posts\/160089","targetHints":{"allow":["GET"]}}],"collection":[{"href":"https:\/\/bobvarela.com\/index.php?rest_route=\/wp\/v2\/posts"}],"about":[{"href":"https:\/\/bobvarela.com\/index.php?rest_route=\/wp\/v2\/types\/post"}],"author":[{"embeddable":true,"href":"https:\/\/bobvarela.com\/index.php?rest_route=\/wp\/v2\/users\/1"}],"replies":[{"embeddable":true,"href":"https:\/\/bobvarela.com\/index.php?rest_route=%2Fwp%2Fv2%2Fcomments&post=160089"}],"version-history":[{"count":1,"href":"https:\/\/bobvarela.com\/index.php?rest_route=\/wp\/v2\/posts\/160089\/revisions"}],"predecessor-version":[{"id":160090,"href":"https:\/\/bobvarela.com\/index.php?rest_route=\/wp\/v2\/posts\/160089\/revisions\/160090"}],"wp:attachment":[{"href":"https:\/\/bobvarela.com\/index.php?rest_route=%2Fwp%2Fv2%2Fmedia&parent=160089"}],"wp:term":[{"taxonomy":"category","embeddable":true,"href":"https:\/\/bobvarela.com\/index.php?rest_route=%2Fwp%2Fv2%2Fcategories&post=160089"},{"taxonomy":"post_tag","embeddable":true,"href":"https:\/\/bobvarela.com\/index.php?rest_route=%2Fwp%2Fv2%2Ftags&post=160089"}],"curies":[{"name":"wp","href":"https:\/\/api.w.org\/{rel}","templated":true}]}}