{"id":160603,"date":"2024-06-13T05:31:57","date_gmt":"2024-06-13T09:31:57","guid":{"rendered":"https:\/\/bobvarela.com\/?p=160603"},"modified":"2024-06-13T05:31:57","modified_gmt":"2024-06-13T09:31:57","slug":"herms-resort-2025","status":"publish","type":"post","link":"https:\/\/bobvarela.com\/?p=160603","title":{"rendered":"Herm&eacute;s Resort 2025"},"content":{"rendered":"<p><font size=\"3\">Nad\u00e8ge Vanh\u00e9e, directora art\u00edstica de Herm\u00e8s, trajo un pedazo de la ciudad de Nueva York al mundo de la moda esta semana. Diez a\u00f1os despu\u00e9s de llegar al frente de la potencia parisina, Vanh\u00e9e present\u00f3 una colecci\u00f3n especial Resort 2025 que desafi\u00f3 la rutina habitual de la marca.<\/font><\/p>\n<p><font size=\"3\">Este no fue un cambio permanente hacia los espect\u00e1culos de destino, enfatiz\u00f3 Vanh\u00e9e. En cambio, fue un sentido homenaje a su ciudad adoptiva. &#8220;Tengo una conexi\u00f3n especial con Nueva York&#8221;, explic\u00f3. &#8220;Este segundo cap\u00edtulo se sinti\u00f3 perfecto para mostrarlo aqu\u00ed porque es la mezcla de una chica francesa y una estadounidense&#8221;.<\/font><\/p>\n<p><ins><font size=\"3\"><\/font><\/ins><\/p>\n<p><font size=\"3\">La colecci\u00f3n difumin\u00f3 las l\u00edneas entre el ic\u00f3nico &#8220;estilo de chica francesa&#8221; y el esp\u00edritu estadounidense. Piensa en pantalones de cuero recortados de cintura alta combinados con codiciadas botas vaqueras, una yuxtaposici\u00f3n elegante y sexy. Los monos amplios, algunos de pana con mangas de cuero en contraste, ofrec\u00edan una sensaci\u00f3n fresca y utilitaria, complementados con las bufandas de la firma Herm\u00e8s que asomaban por los cuellos.<\/font><\/p>\n<p><font size=\"3\">Si bien Herm\u00e8s tiene ra\u00edces ecuestres, Vanh\u00e9e llev\u00f3 a la marca a una aventura decididamente urbana. La colecci\u00f3n fue dise\u00f1ada para el habitante de la ciudad, con bolsos Kelly cruzados y cinturones que se usan en la cintura para ir al trabajo con las manos libres. La ropa de abrigo llamativa fue lo m\u00e1s destacado, desde una chaqueta acolchada reversible hasta una atrevida gabardina de color amarillo taxi con pu\u00f1os de cuero marr\u00f3n en contraste. Este amarillo vibrante destacaba sobre la paleta negra habitual favorecida por la moda francesa y estadounidense.<\/font><\/p>\nngg_shortcode_0_placeholder\n","protected":false},"excerpt":{"rendered":"<p>Nad\u00e8ge Vanh\u00e9e, directora art\u00edstica de Herm\u00e8s, trajo un pedazo de la ciudad de Nueva York al mundo de la moda esta semana. Diez a\u00f1os despu\u00e9s de llegar al frente de la potencia parisina, Vanh\u00e9e present\u00f3 una colecci\u00f3n especial Resort 2025&hellip;<\/p>\n<p class=\"more-link-p\"><a class=\"more-link\" href=\"https:\/\/bobvarela.com\/?p=160603\">Read more &rarr;<\/a><\/p>\n","protected":false},"author":1,"featured_media":0,"comment_status":"open","ping_status":"open","sticky":false,"template":"","format":"standard","meta":{"ngg_post_thumbnail":0,"footnotes":""},"categories":[4],"tags":[],"class_list":["post-160603","post","type-post","status-publish","format-standard","hentry","category-moda"],"_links":{"self":[{"href":"https:\/\/bobvarela.com\/index.php?rest_route=\/wp\/v2\/posts\/160603","targetHints":{"allow":["GET"]}}],"collection":[{"href":"https:\/\/bobvarela.com\/index.php?rest_route=\/wp\/v2\/posts"}],"about":[{"href":"https:\/\/bobvarela.com\/index.php?rest_route=\/wp\/v2\/types\/post"}],"author":[{"embeddable":true,"href":"https:\/\/bobvarela.com\/index.php?rest_route=\/wp\/v2\/users\/1"}],"replies":[{"embeddable":true,"href":"https:\/\/bobvarela.com\/index.php?rest_route=%2Fwp%2Fv2%2Fcomments&post=160603"}],"version-history":[{"count":1,"href":"https:\/\/bobvarela.com\/index.php?rest_route=\/wp\/v2\/posts\/160603\/revisions"}],"predecessor-version":[{"id":160604,"href":"https:\/\/bobvarela.com\/index.php?rest_route=\/wp\/v2\/posts\/160603\/revisions\/160604"}],"wp:attachment":[{"href":"https:\/\/bobvarela.com\/index.php?rest_route=%2Fwp%2Fv2%2Fmedia&parent=160603"}],"wp:term":[{"taxonomy":"category","embeddable":true,"href":"https:\/\/bobvarela.com\/index.php?rest_route=%2Fwp%2Fv2%2Fcategories&post=160603"},{"taxonomy":"post_tag","embeddable":true,"href":"https:\/\/bobvarela.com\/index.php?rest_route=%2Fwp%2Fv2%2Ftags&post=160603"}],"curies":[{"name":"wp","href":"https:\/\/api.w.org\/{rel}","templated":true}]}}