{"id":160831,"date":"2024-06-26T06:26:48","date_gmt":"2024-06-26T10:26:48","guid":{"rendered":"https:\/\/bobvarela.com\/?p=160831"},"modified":"2024-06-26T06:26:48","modified_gmt":"2024-06-26T10:26:48","slug":"desfile-de-la-coleccin-oscar-de-la-renta-resort-2025","status":"publish","type":"post","link":"https:\/\/bobvarela.com\/?p=160831","title":{"rendered":"Desfile de la colecci&oacute;n Oscar de la Renta Resort 2025"},"content":{"rendered":"<p align=\"justify\"><font size=\"3\">Los codirectores creativos Laura Kim y Fernando Garc\u00eda tejen una historia de la belleza ind\u00f3mita de la naturaleza y la elegancia inherente en su \u00faltima colecci\u00f3n para Oscar de la Renta. Inspirada en las pinturas personales de orqu\u00eddeas en acuarela de Garc\u00eda, la colecci\u00f3n Pre-Primavera 2025 de Oscar de la Renta celebra el mundo org\u00e1nico.<\/font><\/p>\n<p align=\"justify\"><font size=\"3\">Los tonos neutros proporcionan una base de conexi\u00f3n a tierra, acentuada por toques de rosa mosqueta, lapisl\u00e1zuli y amarillo mantequilla. Estos tonos vibrantes se hacen eco de los colores que se encuentran en la naturaleza, agregando un toque de vida a la colecci\u00f3n.<\/font><\/p>\n<p align=\"justify\"><font size=\"3\">Las siluetas con hombros ca\u00eddos y la sastrer\u00eda relajada elevan las piezas de d\u00eda, ofreciendo una sensaci\u00f3n de liberaci\u00f3n y sofisticaci\u00f3n. Este enfoque crea un aspecto que es a la vez c\u00f3modo y elegante.<\/font><\/p>\n<p align=\"justify\"><font size=\"3\">La flor de la orqu\u00eddea ocupa un lugar central, manifest\u00e1ndose en una variedad de formas a lo largo de la colecci\u00f3n. Desde el estampado de orqu\u00eddeas de la zapatilla de ballet hero hasta el guipur enhebrado a mano y la t\u00e9cnica m\u00e1s novedosa, la organza de metal dorado con estampado de orqu\u00eddeas, estos motivos florales a\u00f1aden un toque de fantas\u00eda y feminidad.<\/font><\/p>\n<p align=\"justify\"><font size=\"3\">Un concepto de piel de serpiente se desliza a trav\u00e9s de la colecci\u00f3n, apareciendo en una gabardina estructurada atemporal y un vestido de popelina de algod\u00f3n caracter\u00edstico para el d\u00eda a d\u00eda. Al caer la noche, el motivo se transforma en un bordado que emula las escamas en un elegante vestido de c\u00f3ctel de abanico dorado met\u00e1lico y un vestido fractal de cristal, mostrando la versatilidad de la colecci\u00f3n.<\/font><\/p>\n<p align=\"justify\">ngg_shortcode_0_placeholder<\/p>\n","protected":false},"excerpt":{"rendered":"<p>Los codirectores creativos Laura Kim y Fernando Garc\u00eda tejen una historia de la belleza ind\u00f3mita de la naturaleza y la elegancia inherente en su \u00faltima colecci\u00f3n para Oscar de la Renta. Inspirada en las pinturas personales de orqu\u00eddeas en acuarela&hellip;<\/p>\n<p class=\"more-link-p\"><a class=\"more-link\" href=\"https:\/\/bobvarela.com\/?p=160831\">Read more &rarr;<\/a><\/p>\n","protected":false},"author":1,"featured_media":0,"comment_status":"open","ping_status":"open","sticky":false,"template":"","format":"standard","meta":{"ngg_post_thumbnail":0,"footnotes":""},"categories":[4],"tags":[],"class_list":["post-160831","post","type-post","status-publish","format-standard","hentry","category-moda"],"_links":{"self":[{"href":"https:\/\/bobvarela.com\/index.php?rest_route=\/wp\/v2\/posts\/160831","targetHints":{"allow":["GET"]}}],"collection":[{"href":"https:\/\/bobvarela.com\/index.php?rest_route=\/wp\/v2\/posts"}],"about":[{"href":"https:\/\/bobvarela.com\/index.php?rest_route=\/wp\/v2\/types\/post"}],"author":[{"embeddable":true,"href":"https:\/\/bobvarela.com\/index.php?rest_route=\/wp\/v2\/users\/1"}],"replies":[{"embeddable":true,"href":"https:\/\/bobvarela.com\/index.php?rest_route=%2Fwp%2Fv2%2Fcomments&post=160831"}],"version-history":[{"count":1,"href":"https:\/\/bobvarela.com\/index.php?rest_route=\/wp\/v2\/posts\/160831\/revisions"}],"predecessor-version":[{"id":160832,"href":"https:\/\/bobvarela.com\/index.php?rest_route=\/wp\/v2\/posts\/160831\/revisions\/160832"}],"wp:attachment":[{"href":"https:\/\/bobvarela.com\/index.php?rest_route=%2Fwp%2Fv2%2Fmedia&parent=160831"}],"wp:term":[{"taxonomy":"category","embeddable":true,"href":"https:\/\/bobvarela.com\/index.php?rest_route=%2Fwp%2Fv2%2Fcategories&post=160831"},{"taxonomy":"post_tag","embeddable":true,"href":"https:\/\/bobvarela.com\/index.php?rest_route=%2Fwp%2Fv2%2Ftags&post=160831"}],"curies":[{"name":"wp","href":"https:\/\/api.w.org\/{rel}","templated":true}]}}