{"id":161055,"date":"2024-07-21T08:59:11","date_gmt":"2024-07-21T12:59:11","guid":{"rendered":"https:\/\/bobvarela.com\/?p=161055"},"modified":"2024-07-21T08:59:11","modified_gmt":"2024-07-21T12:59:11","slug":"be-square-resort-2024-de-lisa-thon","status":"publish","type":"post","link":"https:\/\/bobvarela.com\/?p=161055","title":{"rendered":"&quot;Be Square&quot; Resort 2024 de Lisa Thon"},"content":{"rendered":"<p align=\"center\"><font size=\"3\"><a href=\"https:\/\/bobvarela.com\/wp-content\/uploads\/2024\/07\/IMG_6919-2.jpg\"><img loading=\"lazy\" decoding=\"async\" width=\"188\" height=\"323\" title=\"IMG_6919-2\" style=\"display: inline; background-image: none;\" alt=\"IMG_6919-2\" src=\"https:\/\/bobvarela.com\/wp-content\/uploads\/2024\/07\/IMG_6919-2_thumb.jpg\" border=\"0\"\/><\/a><\/font><\/p>\n<p align=\"justify\"><font size=\"3\">La Dise\u00f1adora Lisa Thon presento el 20 de julio en the Lobby Lounge de Hotel de San Juan su desfile titulado &#8220;Be Square&#8221; Resort 2024.&nbsp; Inspirado en las &#8221; Pin Up Girls&#8221; y la d\u00e9cada de los ochenta,\u00e9sta colecci\u00f3n c\u00e1psula tuvo como musa a la cantante Gwen Stefani.Accesorios por Sumaq y calzado de Novus.<\/font><\/p>\n<p align=\"justify\">ngg_shortcode_0_placeholder<\/p>\n","protected":false},"excerpt":{"rendered":"<p>La Dise\u00f1adora Lisa Thon presento el 20 de julio en the Lobby Lounge de Hotel de San Juan su desfile titulado &#8220;Be Square&#8221; Resort 2024.&nbsp; Inspirado en las &#8221; Pin Up Girls&#8221; y la d\u00e9cada de los ochenta,\u00e9sta colecci\u00f3n c\u00e1psula&hellip;<\/p>\n<p class=\"more-link-p\"><a class=\"more-link\" href=\"https:\/\/bobvarela.com\/?p=161055\">Read more &rarr;<\/a><\/p>\n","protected":false},"author":1,"featured_media":0,"comment_status":"open","ping_status":"open","sticky":false,"template":"","format":"standard","meta":{"ngg_post_thumbnail":0,"footnotes":""},"categories":[4,295],"tags":[],"class_list":["post-161055","post","type-post","status-publish","format-standard","hentry","category-moda","category-puerto-rico"],"_links":{"self":[{"href":"https:\/\/bobvarela.com\/index.php?rest_route=\/wp\/v2\/posts\/161055","targetHints":{"allow":["GET"]}}],"collection":[{"href":"https:\/\/bobvarela.com\/index.php?rest_route=\/wp\/v2\/posts"}],"about":[{"href":"https:\/\/bobvarela.com\/index.php?rest_route=\/wp\/v2\/types\/post"}],"author":[{"embeddable":true,"href":"https:\/\/bobvarela.com\/index.php?rest_route=\/wp\/v2\/users\/1"}],"replies":[{"embeddable":true,"href":"https:\/\/bobvarela.com\/index.php?rest_route=%2Fwp%2Fv2%2Fcomments&post=161055"}],"version-history":[{"count":1,"href":"https:\/\/bobvarela.com\/index.php?rest_route=\/wp\/v2\/posts\/161055\/revisions"}],"predecessor-version":[{"id":161056,"href":"https:\/\/bobvarela.com\/index.php?rest_route=\/wp\/v2\/posts\/161055\/revisions\/161056"}],"wp:attachment":[{"href":"https:\/\/bobvarela.com\/index.php?rest_route=%2Fwp%2Fv2%2Fmedia&parent=161055"}],"wp:term":[{"taxonomy":"category","embeddable":true,"href":"https:\/\/bobvarela.com\/index.php?rest_route=%2Fwp%2Fv2%2Fcategories&post=161055"},{"taxonomy":"post_tag","embeddable":true,"href":"https:\/\/bobvarela.com\/index.php?rest_route=%2Fwp%2Fv2%2Ftags&post=161055"}],"curies":[{"name":"wp","href":"https:\/\/api.w.org\/{rel}","templated":true}]}}