{"id":161158,"date":"2024-07-22T12:13:39","date_gmt":"2024-07-22T16:13:39","guid":{"rendered":"https:\/\/bobvarela.com\/?p=161158"},"modified":"2024-07-22T12:13:39","modified_gmt":"2024-07-22T16:13:39","slug":"tropical-tw-2024-de-juan-colon","status":"publish","type":"post","link":"https:\/\/bobvarela.com\/?p=161158","title":{"rendered":"Tropical TW 2024 de Juan Colon"},"content":{"rendered":"<p align=\"center\"><font size=\"3\"><a href=\"https:\/\/bobvarela.com\/wp-content\/uploads\/2024\/07\/IMG_4192.jpg\"><img loading=\"lazy\" decoding=\"async\" width=\"244\" height=\"164\" title=\"IMG_4192\" style=\"margin: 0px; display: inline; background-image: none;\" alt=\"IMG_4192\" src=\"https:\/\/bobvarela.com\/wp-content\/uploads\/2024\/07\/IMG_4192_thumb.jpg\" border=\"0\"\/><\/a><a href=\"https:\/\/bobvarela.com\/wp-content\/uploads\/2024\/07\/IMG_4236.jpg\"><img loading=\"lazy\" decoding=\"async\" width=\"244\" height=\"164\" title=\"IMG_4236\" style=\"display: inline; background-image: none;\" alt=\"IMG_4236\" src=\"https:\/\/bobvarela.com\/wp-content\/uploads\/2024\/07\/IMG_4236_thumb.jpg\" border=\"0\"\/><\/a><\/font><\/p>\n<p align=\"justify\"><font size=\"3\">The Wheel en Puerta de Tierra fue escenario del desfile Tropical TW 2024 bajo el marco de la plataforma San Juan Moda, para que el dise\u00f1ador Juan Colon, presentara su nueva propuesta. Sus desfiles contin\u00faan siendo unos totalmente inclusivos donde vemos modelos de todaa las edades, g\u00e9nero, estatura y complexi\u00f3n f\u00edsica. <\/font><\/p>\n<p><font size=\"3\">La nueva propuesta del dise\u00f1ador Juan Colon, est\u00e1 inspirada en la zona Tropical del planeta, demostrando el clima, colores y flora de la regi\u00f3n, ademas de las m\u00fasica, fiesta, y alegr\u00eda que caracterizalos a su gente. Textiles como chifones, encajes, algod\u00f3n y spandex, junto a una gama de colores como: verdes, naranjas, azules y amarillo fueron expuestos en el pase de modas, todo complementado con las carteras de Sin Patrones Bazaar. <\/font><\/p>\n<p><font size=\"3\">Las facilidades del Hotel Puerto Valdes acogieron a los modelos para el arreglo por Myrta V\u00e9lez y su crew del MVO Pro Makeup, los peinados por Myrangel Beauty Institute,<\/font><\/p>\n<p><font size=\"3\">El cierre del desfile estuvo a cargo del actor Alfredo Adame ex participante de la Casa de Los Famosos 4, junto a la Miss International 2014 Valerie Hernandez y Miss Puerto Rico International Aideliz Hidalgo 2010.<\/font><\/p>\nngg_shortcode_0_placeholder\n","protected":false},"excerpt":{"rendered":"<p>The Wheel en Puerta de Tierra fue escenario del desfile Tropical TW 2024 bajo el marco de la plataforma San Juan Moda, para que el dise\u00f1ador Juan Colon, presentara su nueva propuesta. Sus desfiles contin\u00faan siendo unos totalmente inclusivos donde&hellip;<\/p>\n<p class=\"more-link-p\"><a class=\"more-link\" href=\"https:\/\/bobvarela.com\/?p=161158\">Read more &rarr;<\/a><\/p>\n","protected":false},"author":1,"featured_media":0,"comment_status":"open","ping_status":"open","sticky":false,"template":"","format":"standard","meta":{"ngg_post_thumbnail":0,"footnotes":""},"categories":[4,295],"tags":[],"class_list":["post-161158","post","type-post","status-publish","format-standard","hentry","category-moda","category-puerto-rico"],"_links":{"self":[{"href":"https:\/\/bobvarela.com\/index.php?rest_route=\/wp\/v2\/posts\/161158","targetHints":{"allow":["GET"]}}],"collection":[{"href":"https:\/\/bobvarela.com\/index.php?rest_route=\/wp\/v2\/posts"}],"about":[{"href":"https:\/\/bobvarela.com\/index.php?rest_route=\/wp\/v2\/types\/post"}],"author":[{"embeddable":true,"href":"https:\/\/bobvarela.com\/index.php?rest_route=\/wp\/v2\/users\/1"}],"replies":[{"embeddable":true,"href":"https:\/\/bobvarela.com\/index.php?rest_route=%2Fwp%2Fv2%2Fcomments&post=161158"}],"version-history":[{"count":2,"href":"https:\/\/bobvarela.com\/index.php?rest_route=\/wp\/v2\/posts\/161158\/revisions"}],"predecessor-version":[{"id":161204,"href":"https:\/\/bobvarela.com\/index.php?rest_route=\/wp\/v2\/posts\/161158\/revisions\/161204"}],"wp:attachment":[{"href":"https:\/\/bobvarela.com\/index.php?rest_route=%2Fwp%2Fv2%2Fmedia&parent=161158"}],"wp:term":[{"taxonomy":"category","embeddable":true,"href":"https:\/\/bobvarela.com\/index.php?rest_route=%2Fwp%2Fv2%2Fcategories&post=161158"},{"taxonomy":"post_tag","embeddable":true,"href":"https:\/\/bobvarela.com\/index.php?rest_route=%2Fwp%2Fv2%2Ftags&post=161158"}],"curies":[{"name":"wp","href":"https:\/\/api.w.org\/{rel}","templated":true}]}}