{"id":161307,"date":"2024-08-08T06:02:52","date_gmt":"2024-08-08T10:02:52","guid":{"rendered":"https:\/\/bobvarela.com\/?p=161307"},"modified":"2024-08-08T06:02:52","modified_gmt":"2024-08-08T10:02:52","slug":"desfile-tierra-de-nmadas-de-alejandro-crocker","status":"publish","type":"post","link":"https:\/\/bobvarela.com\/?p=161307","title":{"rendered":"Desfile &lsquo;Tierra de N&oacute;madas&rsquo; de Alejandro Crocker"},"content":{"rendered":"<p align=\"justify\"><font size=\"3\">Alejandro Crocker fue el encargado de la pasarela de apertura de la feria, con su desfile \u2018Tierra de N\u00f3madas\u2019, patrocinado por Inter Rapid\u00edsimo; una interpretaci\u00f3n y puesta en escena sensorial inspirada en los seres humanos como caminantes en b\u00fasqueda de nuevos aprendizajes y experiencias. Con m\u00e1s de 40 salidas, el dise\u00f1ador venezolano present\u00f3 una colecci\u00f3n liviana, donde el denim, el volumen y los bordados fueron protagonistas. As\u00ed mismo, ratific\u00f3 la sostenibilidad como parte de su ADN diferencial, creando prendas \u00fanicas con materiales 100% reutilizados, adem\u00e1s de involucrar en su proceso a m\u00e1s de 40 mujeres migrantes venezolanas.<\/font><\/p>\n<p align=\"justify\">ngg_shortcode_0_placeholder<\/p>\n","protected":false},"excerpt":{"rendered":"<p>Alejandro Crocker fue el encargado de la pasarela de apertura de la feria, con su desfile \u2018Tierra de N\u00f3madas\u2019, patrocinado por Inter Rapid\u00edsimo; una interpretaci\u00f3n y puesta en escena sensorial inspirada en los seres humanos como caminantes en b\u00fasqueda de&hellip;<\/p>\n<p class=\"more-link-p\"><a class=\"more-link\" href=\"https:\/\/bobvarela.com\/?p=161307\">Read more &rarr;<\/a><\/p>\n","protected":false},"author":1,"featured_media":0,"comment_status":"open","ping_status":"open","sticky":false,"template":"","format":"standard","meta":{"ngg_post_thumbnail":0,"footnotes":""},"categories":[417,4],"tags":[],"class_list":["post-161307","post","type-post","status-publish","format-standard","hentry","category-colombiamoda","category-moda"],"_links":{"self":[{"href":"https:\/\/bobvarela.com\/index.php?rest_route=\/wp\/v2\/posts\/161307","targetHints":{"allow":["GET"]}}],"collection":[{"href":"https:\/\/bobvarela.com\/index.php?rest_route=\/wp\/v2\/posts"}],"about":[{"href":"https:\/\/bobvarela.com\/index.php?rest_route=\/wp\/v2\/types\/post"}],"author":[{"embeddable":true,"href":"https:\/\/bobvarela.com\/index.php?rest_route=\/wp\/v2\/users\/1"}],"replies":[{"embeddable":true,"href":"https:\/\/bobvarela.com\/index.php?rest_route=%2Fwp%2Fv2%2Fcomments&post=161307"}],"version-history":[{"count":1,"href":"https:\/\/bobvarela.com\/index.php?rest_route=\/wp\/v2\/posts\/161307\/revisions"}],"predecessor-version":[{"id":161308,"href":"https:\/\/bobvarela.com\/index.php?rest_route=\/wp\/v2\/posts\/161307\/revisions\/161308"}],"wp:attachment":[{"href":"https:\/\/bobvarela.com\/index.php?rest_route=%2Fwp%2Fv2%2Fmedia&parent=161307"}],"wp:term":[{"taxonomy":"category","embeddable":true,"href":"https:\/\/bobvarela.com\/index.php?rest_route=%2Fwp%2Fv2%2Fcategories&post=161307"},{"taxonomy":"post_tag","embeddable":true,"href":"https:\/\/bobvarela.com\/index.php?rest_route=%2Fwp%2Fv2%2Ftags&post=161307"}],"curies":[{"name":"wp","href":"https:\/\/api.w.org\/{rel}","templated":true}]}}