{"id":161421,"date":"2024-08-11T11:14:21","date_gmt":"2024-08-11T15:14:21","guid":{"rendered":"https:\/\/bobvarela.com\/?p=161421"},"modified":"2024-08-11T11:14:21","modified_gmt":"2024-08-11T15:14:21","slug":"pilatos-en-colombiamoda-2024-presento-nmadas-futuristas","status":"publish","type":"post","link":"https:\/\/bobvarela.com\/?p=161421","title":{"rendered":"Pilatos en Colombiamoda 2024 presento N&oacute;madas Futuristas"},"content":{"rendered":"<p align=\"center\"><font size=\"3\"><a href=\"https:\/\/bobvarela.com\/wp-content\/uploads\/2024\/08\/PILATOS-P-45.jpg\"><img loading=\"lazy\" decoding=\"async\" width=\"244\" height=\"164\" title=\"PILATOS-P-45\" style=\"display: inline; background-image: none;\" alt=\"PILATOS-P-45\" src=\"https:\/\/bobvarela.com\/wp-content\/uploads\/2024\/08\/PILATOS-P-45_thumb.jpg\" border=\"0\"\/><\/a><a href=\"https:\/\/bobvarela.com\/wp-content\/uploads\/2024\/08\/PILATOS-P-46.jpg\"><img loading=\"lazy\" decoding=\"async\" width=\"244\" height=\"164\" title=\"PILATOS-P-46\" style=\"margin: 0px; display: inline; background-image: none;\" alt=\"PILATOS-P-46\" src=\"https:\/\/bobvarela.com\/wp-content\/uploads\/2024\/08\/PILATOS-P-46_thumb.jpg\" border=\"0\"\/><\/a><\/font><\/p>\n<p align=\"justify\"><font size=\"3\">En un momento crucial donde la creatividad se fusiona con la conciencia de la situaci\u00f3n actual del planeta, Pilatos present\u00f3 su puesta en escena<b> N\u00f3madas Futuristas<\/b> que se llev\u00f3 a cabo&nbsp; en el marco de Colombiamoda 2024.<\/font><\/p>\n<p align=\"justify\"><font size=\"3\">Inspirada en los terrenos del futuro y la urgencia de adaptarse a un ma\u00f1ana de recursos limitados, Pilatos celebr\u00f3 una est\u00e9tica que abarca desde prendas sofisticadas y protectoras hasta dise\u00f1os simples y reconfortantes. Todos destacan el respeto por la naturaleza y la innovaci\u00f3n sostenible, en la feria de moda m\u00e1s importante de Colombia.&nbsp; <\/font><\/p>\n<p align=\"justify\"><font size=\"3\">Las marcas del colectivo de Pilatos presentaron piezas que parecen extra\u00eddas de la tierra misma o arrancadas del cosmos. Esta fusi\u00f3n de lo terrenal y lo espacial se traduce en una paleta diversa que refleja los gustos y est\u00e9ticas de los modernos <b><i>Fashion N\u00f3madas<\/i><\/b>, quienes tienen el privilegio de trabajar, estudiar y llevar su d\u00eda a d\u00eda desde cualquier parte del mundo sin dejar de lado su sentido de la moda, trasladando estilos diversos y \u00fanicos que se pueden ver reflejados en cualquier parte del mundo. <\/font><\/p>\n<p align=\"center\"><font size=\"3\"><a href=\"https:\/\/bobvarela.com\/wp-content\/uploads\/2024\/08\/PILATOS-P-48.jpg\"><img loading=\"lazy\" decoding=\"async\" width=\"244\" height=\"164\" title=\"PILATOS-P-48\" style=\"margin: 0px; display: inline; background-image: none;\" alt=\"PILATOS-P-48\" src=\"https:\/\/bobvarela.com\/wp-content\/uploads\/2024\/08\/PILATOS-P-48_thumb.jpg\" border=\"0\"\/><\/a><a href=\"https:\/\/bobvarela.com\/wp-content\/uploads\/2024\/08\/PILATOS-P-47.jpg\"><img loading=\"lazy\" decoding=\"async\" width=\"244\" height=\"164\" title=\"PILATOS-P-47\" style=\"display: inline; background-image: none;\" alt=\"PILATOS-P-47\" src=\"https:\/\/bobvarela.com\/wp-content\/uploads\/2024\/08\/PILATOS-P-47_thumb.jpg\" border=\"0\"\/><\/a><\/font><\/p>\n<p align=\"justify\"><font size=\"3\">En la pasarela, las marcas del colectivo Pilatos se mezclaron en looks que van desde lo m\u00e1s recargado y arriesgado con diferentes texturas, mezclas de colores y relieves, hasta lo m\u00e1s esencial y sencillo, con propuestas monocrom\u00e1ticas y total denim. Cada look fue seleccionado para lograr conectar a los invitados que incluyeron celebridades, medios de comunicaci\u00f3n, artistas y referentes de la cultura y la moda, con el universo Pilatos. <\/font><\/p>\n<p align=\"justify\"><font size=\"3\">Adicionalmente, Pilatos present\u00f3 una nueva marca que entr\u00f3 en su portafolio comercial. Francques lleg\u00f3 con una colecci\u00f3n de jeans inspirada en los estilos ic\u00f3nicos de los 70s y 80s y en la influencia Masculin \u2013 Femenin&nbsp; Parisina. La marca de lujo asegura brindar un amplio portafolio de jeans para quienes desean complementar cualquier look de manera esencial pero al mismo tiempo ic\u00f3nica y la cual, se destaca por utilizar los mejores tejidos europeos y fibras sostenibles.<\/font><\/p>\n<p align=\"justify\">ngg_shortcode_0_placeholder<\/p>\n","protected":false},"excerpt":{"rendered":"<p>En un momento crucial donde la creatividad se fusiona con la conciencia de la situaci\u00f3n actual del planeta, Pilatos present\u00f3 su puesta en escena N\u00f3madas Futuristas que se llev\u00f3 a cabo&nbsp; en el marco de Colombiamoda 2024. Inspirada en los&hellip;<\/p>\n<p class=\"more-link-p\"><a class=\"more-link\" href=\"https:\/\/bobvarela.com\/?p=161421\">Read more &rarr;<\/a><\/p>\n","protected":false},"author":1,"featured_media":0,"comment_status":"open","ping_status":"open","sticky":false,"template":"","format":"standard","meta":{"ngg_post_thumbnail":0,"footnotes":""},"categories":[417,4],"tags":[],"class_list":["post-161421","post","type-post","status-publish","format-standard","hentry","category-colombiamoda","category-moda"],"_links":{"self":[{"href":"https:\/\/bobvarela.com\/index.php?rest_route=\/wp\/v2\/posts\/161421","targetHints":{"allow":["GET"]}}],"collection":[{"href":"https:\/\/bobvarela.com\/index.php?rest_route=\/wp\/v2\/posts"}],"about":[{"href":"https:\/\/bobvarela.com\/index.php?rest_route=\/wp\/v2\/types\/post"}],"author":[{"embeddable":true,"href":"https:\/\/bobvarela.com\/index.php?rest_route=\/wp\/v2\/users\/1"}],"replies":[{"embeddable":true,"href":"https:\/\/bobvarela.com\/index.php?rest_route=%2Fwp%2Fv2%2Fcomments&post=161421"}],"version-history":[{"count":1,"href":"https:\/\/bobvarela.com\/index.php?rest_route=\/wp\/v2\/posts\/161421\/revisions"}],"predecessor-version":[{"id":161422,"href":"https:\/\/bobvarela.com\/index.php?rest_route=\/wp\/v2\/posts\/161421\/revisions\/161422"}],"wp:attachment":[{"href":"https:\/\/bobvarela.com\/index.php?rest_route=%2Fwp%2Fv2%2Fmedia&parent=161421"}],"wp:term":[{"taxonomy":"category","embeddable":true,"href":"https:\/\/bobvarela.com\/index.php?rest_route=%2Fwp%2Fv2%2Fcategories&post=161421"},{"taxonomy":"post_tag","embeddable":true,"href":"https:\/\/bobvarela.com\/index.php?rest_route=%2Fwp%2Fv2%2Ftags&post=161421"}],"curies":[{"name":"wp","href":"https:\/\/api.w.org\/{rel}","templated":true}]}}