{"id":161522,"date":"2024-08-15T08:21:36","date_gmt":"2024-08-15T12:21:36","guid":{"rendered":"https:\/\/bobvarela.com\/?p=161522"},"modified":"2024-08-15T08:21:36","modified_gmt":"2024-08-15T12:21:36","slug":"sandra-weil-presento-su-coleccin-kintsugi","status":"publish","type":"post","link":"https:\/\/bobvarela.com\/?p=161522","title":{"rendered":"Sandra Weil presento su colecci&oacute;n &ldquo;KINTSUGI&rdquo;,"},"content":{"rendered":"<p align=\"center\"><font size=\"3\"><a href=\"https:\/\/bobvarela.com\/wp-content\/uploads\/2024\/08\/SANDRA-WEIL-0248.jpg\"><img loading=\"lazy\" decoding=\"async\" width=\"406\" height=\"273\" title=\"SANDRA-WEIL-0248\" style=\"display: inline; background-image: none;\" alt=\"SANDRA-WEIL-0248\" src=\"https:\/\/bobvarela.com\/wp-content\/uploads\/2024\/08\/SANDRA-WEIL-0248_thumb.jpg\" border=\"0\"\/><\/a><\/font><\/p>\n<p align=\"justify\"><font size=\"3\">La feria Colombiamoda celebr\u00f3 sus 35 ediciones abriendo las puertas al dise\u00f1o latinoamericano con un desfile de cierre protagonizado por la creativa peruana Sandra Weil, que lleg\u00f3 por primera vez al evento junto a la firma Malva. Tras una semana de feria, charlas y desfiles; Weil dio fin al evento de moda con su colecci\u00f3n \u201cKINTSUGI\u201d, inspirada en la antigua t\u00e9cnica japonesa que repara cer\u00e1mica rota con oro, simbolizando el poder de la resiliencia.<\/font> <\/p>\n<p align=\"justify\">ngg_shortcode_0_placeholder<\/p>\n","protected":false},"excerpt":{"rendered":"<p>La feria Colombiamoda celebr\u00f3 sus 35 ediciones abriendo las puertas al dise\u00f1o latinoamericano con un desfile de cierre protagonizado por la creativa peruana Sandra Weil, que lleg\u00f3 por primera vez al evento junto a la firma Malva. Tras una semana&hellip;<\/p>\n<p class=\"more-link-p\"><a class=\"more-link\" href=\"https:\/\/bobvarela.com\/?p=161522\">Read more &rarr;<\/a><\/p>\n","protected":false},"author":1,"featured_media":0,"comment_status":"open","ping_status":"open","sticky":false,"template":"","format":"standard","meta":{"ngg_post_thumbnail":0,"footnotes":""},"categories":[417,4],"tags":[],"class_list":["post-161522","post","type-post","status-publish","format-standard","hentry","category-colombiamoda","category-moda"],"_links":{"self":[{"href":"https:\/\/bobvarela.com\/index.php?rest_route=\/wp\/v2\/posts\/161522","targetHints":{"allow":["GET"]}}],"collection":[{"href":"https:\/\/bobvarela.com\/index.php?rest_route=\/wp\/v2\/posts"}],"about":[{"href":"https:\/\/bobvarela.com\/index.php?rest_route=\/wp\/v2\/types\/post"}],"author":[{"embeddable":true,"href":"https:\/\/bobvarela.com\/index.php?rest_route=\/wp\/v2\/users\/1"}],"replies":[{"embeddable":true,"href":"https:\/\/bobvarela.com\/index.php?rest_route=%2Fwp%2Fv2%2Fcomments&post=161522"}],"version-history":[{"count":1,"href":"https:\/\/bobvarela.com\/index.php?rest_route=\/wp\/v2\/posts\/161522\/revisions"}],"predecessor-version":[{"id":161523,"href":"https:\/\/bobvarela.com\/index.php?rest_route=\/wp\/v2\/posts\/161522\/revisions\/161523"}],"wp:attachment":[{"href":"https:\/\/bobvarela.com\/index.php?rest_route=%2Fwp%2Fv2%2Fmedia&parent=161522"}],"wp:term":[{"taxonomy":"category","embeddable":true,"href":"https:\/\/bobvarela.com\/index.php?rest_route=%2Fwp%2Fv2%2Fcategories&post=161522"},{"taxonomy":"post_tag","embeddable":true,"href":"https:\/\/bobvarela.com\/index.php?rest_route=%2Fwp%2Fv2%2Ftags&post=161522"}],"curies":[{"name":"wp","href":"https:\/\/api.w.org\/{rel}","templated":true}]}}