{"id":161694,"date":"2024-09-01T05:49:12","date_gmt":"2024-09-01T09:49:12","guid":{"rendered":"https:\/\/bobvarela.com\/?p=161694"},"modified":"2024-09-01T05:49:12","modified_gmt":"2024-09-01T09:49:12","slug":"desfile-oprasport-primavera-verano-2025","status":"publish","type":"post","link":"https:\/\/bobvarela.com\/?p=161694","title":{"rendered":"Desfile Op&eacute;rasport Primavera Verano 2025"},"content":{"rendered":"<p align=\"justify\"><font size=\"3\">La marca de moda Op\u00e9raSport, con sede en Copenhague, present\u00f3 su colecci\u00f3n Primavera Verano 2025 en la Semana de la Moda de Copenhague, inspir\u00e1ndose en el encantador Exillion Garden. El jard\u00edn privado, famoso por su armoniosa mezcla de naturaleza y arquitectura, sirvi\u00f3 como musa para los \u00faltimos dise\u00f1os de la marca.<\/font><\/p>\n<p align=\"justify\"><font size=\"3\">La colecci\u00f3n refleja la elegancia formal del jard\u00edn, con l\u00edneas limpias y una est\u00e9tica atemporal. Los vibrantes colores florales inspirados en las exquisitas flores del jard\u00edn se combinan con una sofisticada paleta de rojos, azules y neutros. La oferta de c\u00e1psulas y productos unisex caracter\u00edsticos de Op\u00e9raSport se ha ampliado, mientras que las nuevas incorporaciones incluyen una gama de vestidos y trajes de ba\u00f1o, perfectos para los meses m\u00e1s c\u00e1lidos.<\/font><\/p>\n<p align=\"justify\"><ins><font size=\"3\"><\/font><\/ins><\/p>\n<p align=\"justify\"><font size=\"3\">Los aspectos m\u00e1s destacados de la colecci\u00f3n incluyen un estampado de rayas inspirado en los a\u00f1os 90, una sofisticada chaqueta de cuero vegano acolchada negra y versiones actualizadas de los populares bolsos Jerome y Shirley de la marca. La colecci\u00f3n comprende 80 estilos de ropa y 17 accesorios, que se adaptan a una amplia gama de gustos y tama\u00f1os.<\/font><\/p>\n<p align=\"justify\"><font size=\"3\">El desfile SS25 tendr\u00e1 lugar el 5 de agosto a las 14:00 CET en el impresionante Operaparken, un lugar apropiado para una colecci\u00f3n inspirada en la naturaleza y la elegancia. La colecci\u00f3n Primavera Verano 2025 de Op\u00e9raSport estar\u00e1 disponible en l\u00ednea y en tiendas de todo el mundo a partir de febrero de 2025.<\/font><\/p>\n<p align=\"justify\"><font size=\"3\">Con su enfoque en la sostenibilidad y el tallaje inclusivo, Op\u00e9raSport contin\u00faa consolidando su posici\u00f3n como una fuerza l\u00edder en la moda contempor\u00e1nea.<\/font><\/p>\n<p align=\"justify\">ngg_shortcode_0_placeholder<\/p>\n","protected":false},"excerpt":{"rendered":"<p>La marca de moda Op\u00e9raSport, con sede en Copenhague, present\u00f3 su colecci\u00f3n Primavera Verano 2025 en la Semana de la Moda de Copenhague, inspir\u00e1ndose en el encantador Exillion Garden. El jard\u00edn privado, famoso por su armoniosa mezcla de naturaleza y&hellip;<\/p>\n<p class=\"more-link-p\"><a class=\"more-link\" href=\"https:\/\/bobvarela.com\/?p=161694\">Read more &rarr;<\/a><\/p>\n","protected":false},"author":1,"featured_media":0,"comment_status":"open","ping_status":"open","sticky":false,"template":"","format":"standard","meta":{"ngg_post_thumbnail":0,"footnotes":""},"categories":[4],"tags":[],"class_list":["post-161694","post","type-post","status-publish","format-standard","hentry","category-moda"],"_links":{"self":[{"href":"https:\/\/bobvarela.com\/index.php?rest_route=\/wp\/v2\/posts\/161694","targetHints":{"allow":["GET"]}}],"collection":[{"href":"https:\/\/bobvarela.com\/index.php?rest_route=\/wp\/v2\/posts"}],"about":[{"href":"https:\/\/bobvarela.com\/index.php?rest_route=\/wp\/v2\/types\/post"}],"author":[{"embeddable":true,"href":"https:\/\/bobvarela.com\/index.php?rest_route=\/wp\/v2\/users\/1"}],"replies":[{"embeddable":true,"href":"https:\/\/bobvarela.com\/index.php?rest_route=%2Fwp%2Fv2%2Fcomments&post=161694"}],"version-history":[{"count":1,"href":"https:\/\/bobvarela.com\/index.php?rest_route=\/wp\/v2\/posts\/161694\/revisions"}],"predecessor-version":[{"id":161695,"href":"https:\/\/bobvarela.com\/index.php?rest_route=\/wp\/v2\/posts\/161694\/revisions\/161695"}],"wp:attachment":[{"href":"https:\/\/bobvarela.com\/index.php?rest_route=%2Fwp%2Fv2%2Fmedia&parent=161694"}],"wp:term":[{"taxonomy":"category","embeddable":true,"href":"https:\/\/bobvarela.com\/index.php?rest_route=%2Fwp%2Fv2%2Fcategories&post=161694"},{"taxonomy":"post_tag","embeddable":true,"href":"https:\/\/bobvarela.com\/index.php?rest_route=%2Fwp%2Fv2%2Ftags&post=161694"}],"curies":[{"name":"wp","href":"https:\/\/api.w.org\/{rel}","templated":true}]}}