{"id":161800,"date":"2024-09-03T05:19:29","date_gmt":"2024-09-03T09:19:29","guid":{"rendered":"https:\/\/bobvarela.com\/?p=161800"},"modified":"2024-09-03T05:20:04","modified_gmt":"2024-09-03T09:20:04","slug":"desfile-de-caro-editions-primavera-verano-2025","status":"publish","type":"post","link":"https:\/\/bobvarela.com\/?p=161800","title":{"rendered":"Desfile de Caro Editions Primavera Verano 2025"},"content":{"rendered":"<p align=\"justify\"><font size=\"3\">Caro Editions hizo un debut memorable en la Semana de la Moda de Copenhague con su colecci\u00f3n Primavera Verano 2025, cautivando a la audiencia en un entorno inesperado pero encantador. El desfile tuvo lugar en un patio aparcado detr\u00e1s de Dronningeg\u00e5rden, enmarcado por frondosos olmos y ba\u00f1ado por la luz natural, creando una pasarela org\u00e1nica que encajaba perfectamente con el esp\u00edritu libre de la marca.<\/font><\/p>\n<p align=\"justify\"><font size=\"3\">Dirigida por la fundadora Caroline Bille Brahe, Caro Editions present\u00f3 una colecci\u00f3n que era tanto una celebraci\u00f3n de la individualidad como de la artesan\u00eda meticulosa. Conocida por su enfoque atrevido y decidido, Bille Brahe infundi\u00f3 a la colecci\u00f3n un sentido de alegr\u00eda y expresi\u00f3n personal. La ropa era en su mayor\u00eda piezas \u00fanicas hechas a mano, con los toques caracter\u00edsticos de Caro: piense en intrincados abalorios, lentejuelas y piedras vibrantes.<\/font><\/p>\n<p align=\"justify\"><ins><font size=\"3\"><\/font><\/ins><\/p>\n<p align=\"justify\"><font size=\"3\">La colecci\u00f3n era una deliciosa mezcla de siluetas estructuradas y fluidas, con elementos l\u00fadicos como payasos, leopardos y sombreros de jard\u00edn que a\u00f1ad\u00edan un toque caprichoso. Desde conjuntos con cintur\u00f3n y botones hasta lazos flexibles y pantalones de pierna abullonada, cada pieza contaba una historia \u00fanica, dise\u00f1ada individualmente para reflejar la personalidad de quien la llevaba.<\/font><\/p>\n<p align=\"justify\"><font size=\"3\">Caroline Bille Brahe expres\u00f3 su entusiasmo por el debut, enfatizando que el espect\u00e1culo captur\u00f3 el verdadero esp\u00edritu de Caro Editions. &#8220;Realmente expresa nuestro esp\u00edritu&#8221;, dijo, destacando la importancia de dise\u00f1ar cada pieza de una manera que haga que las modelos se sientan c\u00f3modas y seguras. La atm\u00f3sfera se elev\u00f3 a\u00fan m\u00e1s con una banda sonora din\u00e1mica con ritmos energ\u00e9ticos que complementaron los fuertes pasos de las modelos, lo que se sum\u00f3 a la vitalidad general del espect\u00e1culo.<\/font><\/p>\n<p align=\"justify\"><ins><font size=\"3\"><\/font><\/ins><\/p>\n<p align=\"justify\"><font size=\"3\">El desfile tambi\u00e9n marc\u00f3 el lanzamiento de la Colecci\u00f3n 05, un hito importante para la marca, que se fund\u00f3 en 2022. Bille Brahe se\u00f1al\u00f3 que esta colecci\u00f3n est\u00e1 m\u00e1s cerca de donde imagina la marca, con un enfoque en m\u00e1s lujo, autenticidad y responsabilidad. Ha asumido el control creativo total, trabajando con un productor de cachemira fina en Italia y colaborando con un agricultor regenerativo en la India, asegur\u00e1ndose de que cada pieza se elabore con cuidado y atenci\u00f3n al detalle.<\/font><\/p>\n<p align=\"justify\"><font size=\"3\">La colecci\u00f3n Primavera\/Verano 2025 se defini\u00f3 por su sensaci\u00f3n de lujo y su ambiente de edici\u00f3n limitada, elementos clave que han sido fundamentales para Caro Editions desde el principio. &#8220;Me inspiran todas las cosas brillantes&#8221;, explic\u00f3 Bille Brahe, se\u00f1alando c\u00f3mo incluso algo tan simple como un bot\u00f3n de diamantes de imitaci\u00f3n puede transformar un atuendo, d\u00e1ndole un encanto vintage que resuena con su est\u00e9tica personal.<\/font><\/p>\n<p align=\"justify\"><ins><font size=\"3\"><\/font><\/ins><\/p>\n<p align=\"justify\"><font size=\"3\">Las piezas notables incluyeron prendas bordadas a mano hechas con telas te\u00f1idas naturalmente provenientes de una granja regenerativa en la India, y dise\u00f1os cl\u00e1sicos de cachemira de Italia, con formas de gran tama\u00f1o y delicados bordados en forma de coraz\u00f3n. La colecci\u00f3n tambi\u00e9n introdujo piezas de jersey nuevo de Portugal y extravagantes sombreros de jard\u00edn hechos con telas sobrantes, lo que refleja el compromiso de la marca con la sostenibilidad.<\/font><\/p>\n<p align=\"justify\"><font size=\"3\">El desfile de debut fue un paso audaz para Caro Editions, pero fue uno que se sinti\u00f3 natural y oportuno para la marca. Bille Brahe expres\u00f3 su gratitud por la energ\u00eda colectiva que dio vida al espect\u00e1culo, se\u00f1alando que sirvi\u00f3 como un recordatorio de por qu\u00e9 comenz\u00f3 Caro Editions en primer lugar. Con planes para pop-ups, colaboraciones y desfiles globales, Caro Editions est\u00e1 preparada para continuar su viaje de llevar moda \u00fanica y de edici\u00f3n limitada a una creciente comunidad de mujeres conscientes del estilo.<\/font><\/p>\n<p align=\"justify\">ngg_shortcode_0_placeholder<\/p>\n","protected":false},"excerpt":{"rendered":"<p>Caro Editions hizo un debut memorable en la Semana de la Moda de Copenhague con su colecci\u00f3n Primavera Verano 2025, cautivando a la audiencia en un entorno inesperado pero encantador. El desfile tuvo lugar en un patio aparcado detr\u00e1s de&hellip;<\/p>\n<p class=\"more-link-p\"><a class=\"more-link\" href=\"https:\/\/bobvarela.com\/?p=161800\">Read more &rarr;<\/a><\/p>\n","protected":false},"author":1,"featured_media":0,"comment_status":"open","ping_status":"open","sticky":false,"template":"","format":"standard","meta":{"ngg_post_thumbnail":0,"footnotes":""},"categories":[4],"tags":[],"class_list":["post-161800","post","type-post","status-publish","format-standard","hentry","category-moda"],"_links":{"self":[{"href":"https:\/\/bobvarela.com\/index.php?rest_route=\/wp\/v2\/posts\/161800","targetHints":{"allow":["GET"]}}],"collection":[{"href":"https:\/\/bobvarela.com\/index.php?rest_route=\/wp\/v2\/posts"}],"about":[{"href":"https:\/\/bobvarela.com\/index.php?rest_route=\/wp\/v2\/types\/post"}],"author":[{"embeddable":true,"href":"https:\/\/bobvarela.com\/index.php?rest_route=\/wp\/v2\/users\/1"}],"replies":[{"embeddable":true,"href":"https:\/\/bobvarela.com\/index.php?rest_route=%2Fwp%2Fv2%2Fcomments&post=161800"}],"version-history":[{"count":2,"href":"https:\/\/bobvarela.com\/index.php?rest_route=\/wp\/v2\/posts\/161800\/revisions"}],"predecessor-version":[{"id":161802,"href":"https:\/\/bobvarela.com\/index.php?rest_route=\/wp\/v2\/posts\/161800\/revisions\/161802"}],"wp:attachment":[{"href":"https:\/\/bobvarela.com\/index.php?rest_route=%2Fwp%2Fv2%2Fmedia&parent=161800"}],"wp:term":[{"taxonomy":"category","embeddable":true,"href":"https:\/\/bobvarela.com\/index.php?rest_route=%2Fwp%2Fv2%2Fcategories&post=161800"},{"taxonomy":"post_tag","embeddable":true,"href":"https:\/\/bobvarela.com\/index.php?rest_route=%2Fwp%2Fv2%2Ftags&post=161800"}],"curies":[{"name":"wp","href":"https:\/\/api.w.org\/{rel}","templated":true}]}}