{"id":161921,"date":"2024-09-07T20:06:59","date_gmt":"2024-09-08T00:06:59","guid":{"rendered":"https:\/\/bobvarela.com\/?p=161921"},"modified":"2024-09-07T20:15:39","modified_gmt":"2024-09-08T00:15:39","slug":"desfile-de-la-coleccin-remain-primavera-verano-2025","status":"publish","type":"post","link":"https:\/\/bobvarela.com\/?p=161921","title":{"rendered":"Desfile de la colecci&oacute;n Remain Primavera Verano 2025"},"content":{"rendered":"<p align=\"justify\"><span style=\"font-size: medium;\">La colecci\u00f3n Primavera Verano 2025 de Remain fue una poderosa declaraci\u00f3n sobre el empoderamiento femenino, presentada en un impactante desfile durante la Semana de la Moda de Copenhague. El director creativo Martin Asbj\u00f8rn entreg\u00f3 una colecci\u00f3n que fusion\u00f3 la exuberancia de la moda de los 80 con la est\u00e9tica minimalista y consciente del cuerpo de los 90, creando una narrativa audaz y cohesiva que habla a la mujer moderna.<\/span><\/p>\n<p align=\"justify\"><span style=\"font-size: medium;\">Titulada &#8220;Superbody&#8221;, la colecci\u00f3n se inspir\u00f3 en la idea de que una mujer se convierte en su propia hero\u00edna al reclamar la propiedad de su cuerpo y su estilo. Este concepto se entreteji\u00f3 en cada pieza de la colecci\u00f3n, que presentaba una mezcla de sastrer\u00eda exagerada de los a\u00f1os 80 con las siluetas elegantes de los a\u00f1os 90. Asbj\u00f8rn, conocido por su enfoque intuitivo del dise\u00f1o, encontr\u00f3 un terreno com\u00fan entre estas dos \u00e9pocas contrastantes en su enfoque compartido en el poder, ya sea el poder de dar forma y exponer el cuerpo o el poder de redefinir la feminidad a trav\u00e9s de la moda.<\/span><\/p>\n<p align=\"justify\">&nbsp;<\/p>\n<p align=\"justify\"><span style=\"font-size: medium;\">La colecci\u00f3n mostr\u00f3 cinturas ce\u00f1idas, hombros entallados y formas alargadas, todo ejecutado con una mezcla de telas transparentes y brillantes. La organza de seda permaneci\u00f3 deliberadamente transl\u00facida, mientras que las camisetas y vestidos sencillos presum\u00edan de una delgadez vaporosa, ofreciendo una versi\u00f3n moderna de las piezas cl\u00e1sicas. La inclusi\u00f3n de prendas de punto plisadas y transparentes, que recuerdan al origami, enfatiz\u00f3 a\u00fan m\u00e1s el tema de los contrastes de la colecci\u00f3n.<\/span><\/p>\n<p align=\"justify\"><span style=\"font-size: medium;\">La paleta de colores de la colecci\u00f3n se inspir\u00f3 en los atardeceres escandinavos, viajando a trav\u00e9s de ricos marrones chocolate, rojos canela, rosas salm\u00f3n y grises t\u00f3rtola, con profundos azules marino y estallidos de tonos blancos cremosos que agregan profundidad y variedad. Este degradado natural de colores a\u00f1adi\u00f3 una energ\u00eda serena pero din\u00e1mica a la colecci\u00f3n, reflejando la naturaleza siempre cambiante de una noche de verano escandinava.<\/span><\/p>\n<p align=\"justify\">&nbsp;<\/p>\n<p align=\"justify\"><span style=\"font-size: medium;\">El desfile tuvo lugar en el interior del espacio de la nave industrial de TAP1, donde una majestuosa carpa construida con cortinas simplemente drapeadas ofrec\u00eda un suave contraste con el entorno urbano y crudo. Este escenario encapsulaba a la perfecci\u00f3n la dualidad de la colecci\u00f3n: combinar la fuerza con la suavidad, y lo contempor\u00e1neo con lo cl\u00e1sico.<\/span><\/p>\n<p align=\"justify\"><span style=\"font-size: medium;\">La colecci\u00f3n se elev\u00f3 a\u00fan m\u00e1s con una l\u00ednea de zapatos hecha a medida dise\u00f1ada por Anny Nord, con refinados zapatos de tac\u00f3n con intrigantes tacones en forma de pl\u00e1tano. Este calzado se complement\u00f3 con una selecci\u00f3n de bolsos cl\u00e1sicos con cierre en azul beb\u00e9, blanco intenso, gris carb\u00f3n y rojo tomate brillante, elaborados con suave piel de vaca. Los looks de la pasarela tambi\u00e9n se adornaron con joyas escult\u00f3ricas de la marca neoyorquina AGMES, consolidando la est\u00e9tica general y a\u00f1adiendo un toque de elegancia moderna.<\/span><\/p>\n<p align=\"justify\">&nbsp;<\/p>\n<p align=\"justify\"><span style=\"font-size: medium;\">La colecci\u00f3n Primavera-Verano 2025 de Remain fue una celebraci\u00f3n del &#8220;Supercuerpo&#8221;, un concepto que trasciende la mera ropa para convertirse en una declaraci\u00f3n de empoderamiento e individualidad. Como se\u00f1al\u00f3 Asbj\u00f8rn, las prendas fueron dise\u00f1adas no solo para vestir el cuerpo, sino para darle personalidad y poder. La colecci\u00f3n fue un recordatorio de que la moda tiene la capacidad de dar forma a las identidades y crear l\u00edneas seguras y definidas que permiten a las mujeres destacar y definir sus propias narrativas.<\/span><\/p>\n<p align=\"justify\"><span style=\"font-size: medium;\">ngg_shortcode_0_placeholder<\/span><\/p>\n","protected":false},"excerpt":{"rendered":"<p>La colecci\u00f3n Primavera Verano 2025 de Remain fue una poderosa declaraci\u00f3n sobre el empoderamiento femenino, presentada en un impactante desfile durante la Semana de la Moda de Copenhague. El director creativo Martin Asbj\u00f8rn entreg\u00f3 una colecci\u00f3n que fusion\u00f3 la exuberancia&hellip;<\/p>\n<p class=\"more-link-p\"><a class=\"more-link\" href=\"https:\/\/bobvarela.com\/?p=161921\">Read more &rarr;<\/a><\/p>\n","protected":false},"author":1,"featured_media":0,"comment_status":"open","ping_status":"open","sticky":false,"template":"","format":"standard","meta":{"ngg_post_thumbnail":0,"footnotes":""},"categories":[4],"tags":[],"class_list":["post-161921","post","type-post","status-publish","format-standard","hentry","category-moda"],"_links":{"self":[{"href":"https:\/\/bobvarela.com\/index.php?rest_route=\/wp\/v2\/posts\/161921","targetHints":{"allow":["GET"]}}],"collection":[{"href":"https:\/\/bobvarela.com\/index.php?rest_route=\/wp\/v2\/posts"}],"about":[{"href":"https:\/\/bobvarela.com\/index.php?rest_route=\/wp\/v2\/types\/post"}],"author":[{"embeddable":true,"href":"https:\/\/bobvarela.com\/index.php?rest_route=\/wp\/v2\/users\/1"}],"replies":[{"embeddable":true,"href":"https:\/\/bobvarela.com\/index.php?rest_route=%2Fwp%2Fv2%2Fcomments&post=161921"}],"version-history":[{"count":2,"href":"https:\/\/bobvarela.com\/index.php?rest_route=\/wp\/v2\/posts\/161921\/revisions"}],"predecessor-version":[{"id":161930,"href":"https:\/\/bobvarela.com\/index.php?rest_route=\/wp\/v2\/posts\/161921\/revisions\/161930"}],"wp:attachment":[{"href":"https:\/\/bobvarela.com\/index.php?rest_route=%2Fwp%2Fv2%2Fmedia&parent=161921"}],"wp:term":[{"taxonomy":"category","embeddable":true,"href":"https:\/\/bobvarela.com\/index.php?rest_route=%2Fwp%2Fv2%2Fcategories&post=161921"},{"taxonomy":"post_tag","embeddable":true,"href":"https:\/\/bobvarela.com\/index.php?rest_route=%2Fwp%2Fv2%2Ftags&post=161921"}],"curies":[{"name":"wp","href":"https:\/\/api.w.org\/{rel}","templated":true}]}}