{"id":162204,"date":"2024-09-09T06:41:02","date_gmt":"2024-09-09T10:41:02","guid":{"rendered":"https:\/\/bobvarela.com\/?p=162204"},"modified":"2024-09-09T06:41:02","modified_gmt":"2024-09-09T10:41:02","slug":"celebra-con-el-west-el-15-aniversario-del-moda-belleza-y-turismo-interno","status":"publish","type":"post","link":"https:\/\/bobvarela.com\/?p=162204","title":{"rendered":"CELEBRA CON EL WEST el 15 Aniversario del moda, belleza y turismo interno."},"content":{"rendered":"<p align=\"center\"><a href=\"https:\/\/bobvarela.com\/wp-content\/uploads\/2024\/09\/westCarlosAlberto2.jpg\"><img loading=\"lazy\" decoding=\"async\" width=\"334\" height=\"244\" title=\"westCarlosAlberto2\" style=\"display: inline; background-image: none;\" alt=\"westCarlosAlberto2\" src=\"https:\/\/bobvarela.com\/wp-content\/uploads\/2024\/09\/westCarlosAlberto2_thumb.jpg\" border=\"0\"\/><\/a><\/p>\n<p align=\"justify\"><font size=\"3\">En esta ocasi\u00f3n el Quincea\u00f1ero del WEST, se celebra con un variado grupo de 15 &#8220;New Faces&#8221; <br \/>enfocados&nbsp; en darse a conocer dentro de la industria de la moda local. El dise\u00f1ador de las reinas, Carlos Alberto se estrena en el WFW junto a el vanguardista Jos\u00e9 Ra\u00fal y la fil\u00e1ntropa Awilda Centeno, madrina de WEST por una Causa, como Aliados de esperanza a favor de Make a Wish Puerto Rico y su encomienda de conceder deseos a guerreros de 2 a 17 a\u00f1os con un diagn\u00f3stico cr\u00edtico.<\/font><\/p>\n<p align=\"justify\"><b><i><font size=\"3\">WEST @ METRO<\/font><\/i><\/b><\/p>\n<p align=\"center\"><strong><em><font size=\"3\"><a href=\"https:\/\/bobvarela.com\/wp-content\/uploads\/2024\/09\/westhotelsanjuanteam.jpg\"><img loading=\"lazy\" decoding=\"async\" width=\"376\" height=\"263\" title=\"westhotelsanjuanteam\" style=\"display: inline; background-image: none;\" alt=\"westhotelsanjuanteam\" src=\"https:\/\/bobvarela.com\/wp-content\/uploads\/2024\/09\/westhotelsanjuanteam_thumb.jpg\" border=\"0\"\/><\/a><\/font><\/em><\/strong><\/p>\n<p align=\"justify\"><font size=\"3\">West Fashion Week estrena nueva casa en el area metropolitana con WEST @ Metro,<\/font><font size=\"3\">junto al Fairmont Hotel San Juan y Veuve Clicquot el s\u00e1bado 28 de septiembre, con un desfile especial a cargo de los &#8220;West New Faces&#8221; <\/font><font size=\"3\">inspirado en elementos ic\u00f3nicos de la hospeder\u00eda a partir de las 8pm en &#8220;The Lobby El San Juan&#8221; Adem\u00e1s se presentar\u00e1 un adelanto de las colecciones a presentarse del 4 al 6 de octubre en el Hotel El Guajataca.<\/font><\/p>\n<p align=\"justify\"><b><i><font size=\"3\">WEST EVOLUTION<\/font><\/i><\/b><\/p>\n<p align=\"justify\"><font size=\"3\">La dise\u00f1adora Zorymar Batlle recibir\u00e1 el reconocimiento WEST Evolution 2024<\/font><font size=\"3\">en honor a su trayectoria y evoluci\u00f3n de 5 a\u00f1os en la plataforma del WFW,<\/font><font size=\"3\">en un desfile previo a la colecci\u00f3n del creativo dise\u00f1ador Orlando L\u00f3pez.EDP University Recinto de San Sebasti\u00e1n tendr\u00e1 a cargo la apertura del evento capitaneados por la profesora y dise\u00f1adora Carmen Pe\u00f1a, mientras la moda infantil estar\u00e1 a cargo <br \/>de Mara Garc\u00eda, Loretta by Lorraine, Lourdes Arroyo, Slo by Sonia y el lanzamiento<br \/>de la l\u00ednea Choco Coco creada por Sandra Bosques. <\/font><\/p>\n<p><font size=\"3\"><\/font><font size=\"3\"><b><\/p>\n<p align=\"center\"><a href=\"https:\/\/bobvarela.com\/wp-content\/uploads\/2024\/09\/NEWFACESSQUARErev.jpg\"><img loading=\"lazy\" decoding=\"async\" width=\"418\" height=\"394\" title=\"Pagina 16 8\" style=\"display: inline; background-image: none;\" alt=\"Pagina 16 8\" src=\"https:\/\/bobvarela.com\/wp-content\/uploads\/2024\/09\/NEWFACESSQUARErev_thumb.jpg\" border=\"0\"\/><\/a><\/p>\n<p><\/b><\/font><\/p>\n<p align=\"justify\"><font size=\"3\">Completan la jornada de moda los dise\u00f1adores: Lorraine Ort\u00edz, Luis Lopez, Roisa Mercedes, Paulina Bruno, Ian Tollinchi, Alianie Gonzalez y desde Miami, el venezolano Idol Jose; mientras nuestros &#8220;New Faces 2024&#8221; lo componen: Armando Emanuel, Alondra de los \u00c1ngeles, Arianes Irizarry, Christian Ort\u00edz, Karla Miranda, Maria Ram\u00edrez, Hector Molina, Grisel Barrios, Mariela de Jesus, Michelle Oneil, Shawnaly Cruz, Wilberto P\u00e9rez, Yarianis Soto, Yesenia Arroyo, Zenymar Mercado y Zuleika Soto.<\/font><\/p>\n","protected":false},"excerpt":{"rendered":"<p>En esta ocasi\u00f3n el Quincea\u00f1ero del WEST, se celebra con un variado grupo de 15 &#8220;New Faces&#8221; enfocados&nbsp; en darse a conocer dentro de la industria de la moda local. El dise\u00f1ador de las reinas, Carlos Alberto se estrena en&hellip;<\/p>\n<p class=\"more-link-p\"><a class=\"more-link\" href=\"https:\/\/bobvarela.com\/?p=162204\">Read more &rarr;<\/a><\/p>\n","protected":false},"author":1,"featured_media":0,"comment_status":"open","ping_status":"open","sticky":false,"template":"","format":"standard","meta":{"ngg_post_thumbnail":0,"footnotes":""},"categories":[4,503],"tags":[],"class_list":["post-162204","post","type-post","status-publish","format-standard","hentry","category-moda","category-west"],"_links":{"self":[{"href":"https:\/\/bobvarela.com\/index.php?rest_route=\/wp\/v2\/posts\/162204","targetHints":{"allow":["GET"]}}],"collection":[{"href":"https:\/\/bobvarela.com\/index.php?rest_route=\/wp\/v2\/posts"}],"about":[{"href":"https:\/\/bobvarela.com\/index.php?rest_route=\/wp\/v2\/types\/post"}],"author":[{"embeddable":true,"href":"https:\/\/bobvarela.com\/index.php?rest_route=\/wp\/v2\/users\/1"}],"replies":[{"embeddable":true,"href":"https:\/\/bobvarela.com\/index.php?rest_route=%2Fwp%2Fv2%2Fcomments&post=162204"}],"version-history":[{"count":1,"href":"https:\/\/bobvarela.com\/index.php?rest_route=\/wp\/v2\/posts\/162204\/revisions"}],"predecessor-version":[{"id":162205,"href":"https:\/\/bobvarela.com\/index.php?rest_route=\/wp\/v2\/posts\/162204\/revisions\/162205"}],"wp:attachment":[{"href":"https:\/\/bobvarela.com\/index.php?rest_route=%2Fwp%2Fv2%2Fmedia&parent=162204"}],"wp:term":[{"taxonomy":"category","embeddable":true,"href":"https:\/\/bobvarela.com\/index.php?rest_route=%2Fwp%2Fv2%2Fcategories&post=162204"},{"taxonomy":"post_tag","embeddable":true,"href":"https:\/\/bobvarela.com\/index.php?rest_route=%2Fwp%2Fv2%2Ftags&post=162204"}],"curies":[{"name":"wp","href":"https:\/\/api.w.org\/{rel}","templated":true}]}}