{"id":162486,"date":"2024-09-10T06:12:42","date_gmt":"2024-09-10T10:12:42","guid":{"rendered":"https:\/\/bobvarela.com\/?p=162486"},"modified":"2024-09-10T06:12:42","modified_gmt":"2024-09-10T10:12:42","slug":"desfile-de-prabal-gurung-primavera-verano-2025","status":"publish","type":"post","link":"https:\/\/bobvarela.com\/?p=162486","title":{"rendered":"Desfile de Prabal Gurung Primavera Verano 2025"},"content":{"rendered":"<p align=\"justify\"><font size=\"3\">La colecci\u00f3n Primavera-Verano 2025 de Prabal Gurung irradiaba optimismo y esperanza, canalizando la vitalidad de Holi, el festival hind\u00fa de los colores, y la fuerza del liderazgo femenino. El dise\u00f1ador nepal\u00ed, conocido por mezclar influencias orientales y occidentales, centr\u00f3 su colecci\u00f3n en el tema de &#8220;Holi Hope&#8221;. El esp\u00edritu alegre de Holi se entrelaz\u00f3 con la inspiraci\u00f3n pol\u00edtica, particularmente despu\u00e9s del anuncio de la campa\u00f1a presidencial de la vicepresidenta Kamala Harris, que aliment\u00f3 la visi\u00f3n de Gurung de una alineaci\u00f3n de primavera de celebraci\u00f3n.<\/font><\/p>\n<p align=\"justify\"><font size=\"3\">&#8220;Simplemente despeg\u00f3 para m\u00ed porque la amo y la he vestido tantas veces&#8221;, dijo Gurung. &#8220;Hab\u00eda una renovada sensaci\u00f3n de emoci\u00f3n y prop\u00f3sito, y eso realmente aprovech\u00f3 lo que estaba haciendo inicialmente con el tema de Holi. Simplemente me apoy\u00e9 en \u00e9l&#8221;.<\/font><\/p>\n<p align=\"justify\"><ins><font size=\"3\"><\/font><\/ins><\/p>\n<p align=\"justify\"><font size=\"3\">La colecci\u00f3n de Gurung se mantuvo fiel a su est\u00e9tica caprichosa y et\u00e9rea, con vestidos lenceros vaporosos, blusas transparentes y drapeados sin esfuerzo que se sent\u00edan rom\u00e1nticos y refinados. El ambiente festivo fue evidente a trav\u00e9s de looks divertidos y listos para la fiesta, como un minivestido de flecos multicolor que captur\u00f3 la esencia del alegre caos de Holi, y un vestido met\u00e1lico con estampado floral con una voluminosa falda de burbujas.<\/font><\/p>\n<p align=\"justify\"><font size=\"3\">Un gui\u00f1o pol\u00edtico juguet\u00f3n pero sutil a la campa\u00f1a de Harris se manifest\u00f3 en detalles inteligentes, espec\u00edficamente una referencia al &#8220;meme del coco&#8221; viral asociado con la vicepresidenta. Lentejuelas marrones con forma de coco adornaron varias piezas, mientras que un minivestido de brocado blanco brill\u00f3 con un adorno de palmera de cristal. Estos toques descarados inyectaron un sentido de diversi\u00f3n a la colecci\u00f3n, equilibrando la elegancia caracter\u00edstica de Gurung con un humor alegre.<\/font><\/p>\n<p align=\"justify\"><ins><font size=\"3\"><\/font><\/ins><\/p>\n<p align=\"justify\"><font size=\"3\">&#8220;Me he divertido m\u00e1s haciendo esta colecci\u00f3n porque sent\u00ed que hab\u00eda una facilidad en ella&#8221;, coment\u00f3 Gurung. &#8220;Todos estos estampados son estampados Holi salpicados. Kamala significa flor de loto, as\u00ed que todas estas flores son como lotos explotados&#8221;.<\/font><\/p>\n<p align=\"justify\"><font size=\"3\">Si bien la colecci\u00f3n era innegablemente alegre, tambi\u00e9n hab\u00eda una sensaci\u00f3n de refinamiento, con piezas que se centraban en la construcci\u00f3n m\u00e1s que en la decoraci\u00f3n. Las blusas de gasa de seda se combinaron con pantalones o faldas estructuradas, y la l\u00ednea present\u00f3 una variedad de elegantes vestidos lenceros que destacaron la experiencia de Gurung en mezclar la fluidez con la forma.<\/font><\/p>\n<p align=\"justify\"><ins><font size=\"3\"><\/font><\/ins><\/p>\n<p align=\"justify\"><font size=\"3\">La colecci\u00f3n SS25 de Gurung mostr\u00f3 su capacidad para divertirse con la moda mientras se manten\u00eda fiel a sus c\u00f3digos de dise\u00f1o. Con sus colores vibrantes, su esp\u00edritu festivo y sus sutiles gui\u00f1os al poder femenino, la colecci\u00f3n se sinti\u00f3 fresca, relevante y llena de esperanza, un reflejo perfecto del tema de Holi y el momento pol\u00edtico que la inspir\u00f3.<\/font><\/p>\n<p align=\"justify\"><font size=\"3\">ngg_shortcode_0_placeholder<\/font><\/p>\n<p align=\"justify\"><font size=\"3\"><\/font><\/p>\n","protected":false},"excerpt":{"rendered":"<p>La colecci\u00f3n Primavera-Verano 2025 de Prabal Gurung irradiaba optimismo y esperanza, canalizando la vitalidad de Holi, el festival hind\u00fa de los colores, y la fuerza del liderazgo femenino. El dise\u00f1ador nepal\u00ed, conocido por mezclar influencias orientales y occidentales, centr\u00f3 su&hellip;<\/p>\n<p class=\"more-link-p\"><a class=\"more-link\" href=\"https:\/\/bobvarela.com\/?p=162486\">Read more &rarr;<\/a><\/p>\n","protected":false},"author":1,"featured_media":0,"comment_status":"open","ping_status":"open","sticky":false,"template":"","format":"standard","meta":{"ngg_post_thumbnail":0,"footnotes":""},"categories":[4,422],"tags":[],"class_list":["post-162486","post","type-post","status-publish","format-standard","hentry","category-moda","category-new-york"],"_links":{"self":[{"href":"https:\/\/bobvarela.com\/index.php?rest_route=\/wp\/v2\/posts\/162486","targetHints":{"allow":["GET"]}}],"collection":[{"href":"https:\/\/bobvarela.com\/index.php?rest_route=\/wp\/v2\/posts"}],"about":[{"href":"https:\/\/bobvarela.com\/index.php?rest_route=\/wp\/v2\/types\/post"}],"author":[{"embeddable":true,"href":"https:\/\/bobvarela.com\/index.php?rest_route=\/wp\/v2\/users\/1"}],"replies":[{"embeddable":true,"href":"https:\/\/bobvarela.com\/index.php?rest_route=%2Fwp%2Fv2%2Fcomments&post=162486"}],"version-history":[{"count":1,"href":"https:\/\/bobvarela.com\/index.php?rest_route=\/wp\/v2\/posts\/162486\/revisions"}],"predecessor-version":[{"id":162487,"href":"https:\/\/bobvarela.com\/index.php?rest_route=\/wp\/v2\/posts\/162486\/revisions\/162487"}],"wp:attachment":[{"href":"https:\/\/bobvarela.com\/index.php?rest_route=%2Fwp%2Fv2%2Fmedia&parent=162486"}],"wp:term":[{"taxonomy":"category","embeddable":true,"href":"https:\/\/bobvarela.com\/index.php?rest_route=%2Fwp%2Fv2%2Fcategories&post=162486"},{"taxonomy":"post_tag","embeddable":true,"href":"https:\/\/bobvarela.com\/index.php?rest_route=%2Fwp%2Fv2%2Ftags&post=162486"}],"curies":[{"name":"wp","href":"https:\/\/api.w.org\/{rel}","templated":true}]}}