{"id":162490,"date":"2024-09-11T04:10:29","date_gmt":"2024-09-11T08:10:29","guid":{"rendered":"https:\/\/bobvarela.com\/?p=162490"},"modified":"2024-09-14T06:29:09","modified_gmt":"2024-09-14T10:29:09","slug":"desfile-de-moda-nanushka-primavera-verano-2025","status":"publish","type":"post","link":"https:\/\/bobvarela.com\/?p=162490","title":{"rendered":"Desfile de moda Nanushka Primavera Verano 2025"},"content":{"rendered":"<p align=\"justify\"><span style=\"font-size: medium;\">Para conmemorar el 20 aniversario de Nanushka, la dise\u00f1adora Sandra S\u00e1ndor mir\u00f3 hacia atr\u00e1s y hacia adelante, honrando el pasado de la marca y preparando el escenario para su futuro. La colecci\u00f3n Primavera Verano 2025, acertadamente titulada &#8220;Papel&#8221;, reflej\u00f3 esta dualidad, jugando con la idea de pasar una nueva p\u00e1gina, tanto literal como figurativamente. &#8220;Estaba mirando lo que Nanushka represent\u00f3 en los \u00faltimos 20 a\u00f1os, y tambi\u00e9n quiero ver c\u00f3mo va a ser relevante en los pr\u00f3ximos 20 a\u00f1os. As\u00ed que es una especie de pasar la p\u00e1gina hacia el futuro&#8221;, explic\u00f3 S\u00e1ndor.<\/span><\/p>\n<p align=\"justify\"><span style=\"font-size: medium;\">El tema del papel se manifest\u00f3 en una serie de prendas que presentaban tiras de popelina con bordes sin rematar, evocando la textura del papel cortado. Este flequillo din\u00e1mico y escalonado se convirti\u00f3 en un motivo recurrente, a\u00f1adiendo movimiento y textura a faldas, vestidos y tops. Fue uno de los elementos m\u00e1s destacados de la muestra, mostrando el amor de S\u00e1ndor por las artesan\u00edas. Este toque artesanal tambi\u00e9n apareci\u00f3 en puntos de manta en contraste en el bolso Origami y un top de sujetador negro, aportando un toque t\u00e1ctil y hecho a mano a la colecci\u00f3n.<\/span><\/p>\n<p align=\"justify\">&nbsp;<\/p>\n<p align=\"justify\"><span style=\"font-size: medium;\">Incluso mientras miraba hacia el futuro, S\u00e1ndor segu\u00eda profundamente conectada con las ra\u00edces de Nanushka. Revis\u00f3 los s\u00edmbolos h\u00fangaros de Kopjafa, que tienen un significado hist\u00f3rico como emblemas de identidad del siglo XVI. Estos s\u00edmbolos aparecieron como estampados en pa\u00f1uelos de seda, grabados en bolsos de cuero y estampados en joyas de monedas de oro, lo que ciment\u00f3 a\u00fan m\u00e1s la colecci\u00f3n en la herencia de la marca. El cuero vegano Okobor caracter\u00edstico de Nanushka tambi\u00e9n regres\u00f3, reforzando el compromiso de la marca con la sostenibilidad.<\/span><\/p>\n<p align=\"justify\"><span style=\"font-size: medium;\">La nostalgia jug\u00f3 un papel clave en la decisi\u00f3n de S\u00e1ndor de llevar el espect\u00e1culo a Nueva York en lugar de a Europa, donde Nanushka suele exponer. &#8220;Record\u00e9 este momento cuando ten\u00eda alrededor de 16 a\u00f1os, y caminaba por el SoHo y entraba en algunas tiendas, y eso realmente ciment\u00f3 mi deseo de convertirme en dise\u00f1ador de moda&#8221;, record\u00f3 S\u00e1ndor. Este recuerdo personal hizo de la Semana de la Moda de Nueva York el escenario perfecto para su colecci\u00f3n de aniversario, donde inyect\u00f3 una dosis refrescante de frescura de Europa del Este.<\/span><\/p>\n<p align=\"justify\">&nbsp;<\/p>\n<p align=\"justify\"><span style=\"font-size: medium;\">La colecci\u00f3n ofrec\u00eda una mezcla de piezas sofisticadas y vanguardistas, como microshorts de punto a rayas combinados con una blusa semiabotonada, un c\u00e1rdigan verde con estampado de leopardo hasta el suelo y chaquetas con hombros inclinados. Estos looks equilibraron la elegancia minimalista caracter\u00edstica de la marca con elementos audaces y llamativos, capturando la mezcla de modernidad y tradici\u00f3n de Nanushka. Al entrelazar inspiraciones pasadas con dise\u00f1os con visi\u00f3n de futuro, S\u00e1ndor se asegur\u00f3 de que el pr\u00f3ximo cap\u00edtulo de Nanushka sea tan innovador y relevante como sus primeras dos d\u00e9cadas.<\/span><\/p>\n<p align=\"justify\"><span style=\"font-size: medium;\">ngg_shortcode_0_placeholder<\/span><\/p>\n","protected":false},"excerpt":{"rendered":"<p>Para conmemorar el 20 aniversario de Nanushka, la dise\u00f1adora Sandra S\u00e1ndor mir\u00f3 hacia atr\u00e1s y hacia adelante, honrando el pasado de la marca y preparando el escenario para su futuro. La colecci\u00f3n Primavera Verano 2025, acertadamente titulada &#8220;Papel&#8221;, reflej\u00f3 esta&hellip;<\/p>\n<p class=\"more-link-p\"><a class=\"more-link\" href=\"https:\/\/bobvarela.com\/?p=162490\">Read more &rarr;<\/a><\/p>\n","protected":false},"author":1,"featured_media":0,"comment_status":"open","ping_status":"open","sticky":false,"template":"","format":"standard","meta":{"ngg_post_thumbnail":0,"footnotes":""},"categories":[4,422],"tags":[],"class_list":["post-162490","post","type-post","status-publish","format-standard","hentry","category-moda","category-new-york"],"_links":{"self":[{"href":"https:\/\/bobvarela.com\/index.php?rest_route=\/wp\/v2\/posts\/162490","targetHints":{"allow":["GET"]}}],"collection":[{"href":"https:\/\/bobvarela.com\/index.php?rest_route=\/wp\/v2\/posts"}],"about":[{"href":"https:\/\/bobvarela.com\/index.php?rest_route=\/wp\/v2\/types\/post"}],"author":[{"embeddable":true,"href":"https:\/\/bobvarela.com\/index.php?rest_route=\/wp\/v2\/users\/1"}],"replies":[{"embeddable":true,"href":"https:\/\/bobvarela.com\/index.php?rest_route=%2Fwp%2Fv2%2Fcomments&post=162490"}],"version-history":[{"count":2,"href":"https:\/\/bobvarela.com\/index.php?rest_route=\/wp\/v2\/posts\/162490\/revisions"}],"predecessor-version":[{"id":162618,"href":"https:\/\/bobvarela.com\/index.php?rest_route=\/wp\/v2\/posts\/162490\/revisions\/162618"}],"wp:attachment":[{"href":"https:\/\/bobvarela.com\/index.php?rest_route=%2Fwp%2Fv2%2Fmedia&parent=162490"}],"wp:term":[{"taxonomy":"category","embeddable":true,"href":"https:\/\/bobvarela.com\/index.php?rest_route=%2Fwp%2Fv2%2Fcategories&post=162490"},{"taxonomy":"post_tag","embeddable":true,"href":"https:\/\/bobvarela.com\/index.php?rest_route=%2Fwp%2Fv2%2Ftags&post=162490"}],"curies":[{"name":"wp","href":"https:\/\/api.w.org\/{rel}","templated":true}]}}