{"id":162492,"date":"2024-09-11T04:12:08","date_gmt":"2024-09-11T08:12:08","guid":{"rendered":"https:\/\/bobvarela.com\/?p=162492"},"modified":"2024-09-14T06:28:00","modified_gmt":"2024-09-14T10:28:00","slug":"desfile-monse-primavera-verano-2025","status":"publish","type":"post","link":"https:\/\/bobvarela.com\/?p=162492","title":{"rendered":"Desfile Monse Primavera Verano 2025"},"content":{"rendered":"<p align=\"justify\"><span style=\"font-size: medium;\">Los dise\u00f1adores de Monse, Laura Kim y Fernando Garc\u00eda, rindieron homenaje a Am\u00e9rica con su colecci\u00f3n Primavera Verano 2025. Un tema que fue provocado por el reciente momento viral de Michelle Obama en una mirada de Monse a la Convenci\u00f3n Nacional Dem\u00f3crata. Ese orgulloso momento de reconocimiento influy\u00f3 claramente en su enfoque de esta colecci\u00f3n. Antes de que comenzara el espect\u00e1culo, las sillas rojas, blancas y azules prepararon el escenario para una celebraci\u00f3n de la cultura estadounidense. &#8220;Esta colecci\u00f3n es una oda a Estados Unidos porque esta ciudad es probablemente la \u00fanica ciudad que podr\u00eda habernos permitido abrir una empresa&#8221;, explic\u00f3 Kim en una entrevista previa al desfile.<\/span><\/p>\n<p align=\"justify\"><span style=\"font-size: medium;\">El desfile abri\u00f3 con una versi\u00f3n caqui de la misma chaqueta que us\u00f3 Michelle Obama, superpuesta sobre un vestido camisero de algod\u00f3n blanco fruncido y plisado. Este look marc\u00f3 la pauta de una colecci\u00f3n que fusion\u00f3 la sastrer\u00eda deconstruida caracter\u00edstica de Monse con un gui\u00f1o l\u00fadico a la cl\u00e1sica americana.<\/span><\/p>\n<p align=\"justify\">&nbsp;<\/p>\n<p align=\"justify\"><span style=\"font-size: medium;\">El f\u00fatbol tambi\u00e9n jug\u00f3 un papel importante en el ambiente deportivo de la colecci\u00f3n. Las modelos llevaban bolsos de cuero dise\u00f1ados para parecerse a balones de f\u00fatbol, agregando un toque divertido a la pasarela. Los elementos b\u00e1sicos de la universidad, como los polos a rayas de rugby y las sudaderas con capucha grises jaspeadas, hicieron su aparici\u00f3n, a menudo en combinaciones inesperadas. Una pieza destacada fue una gabardina caqui fusionada con una sudadera con capucha, mezclando estilos atl\u00e9ticos y utilitarios de una manera que se sent\u00eda fresca e inventiva. El look fue un ejemplo perfecto de la capacidad de Monse para combinar la ropa deportiva preppy con la alta costura, por lo que era f\u00e1cil imaginar a alguien como Taylor Swift llevando una de las bolsas de f\u00fatbol o luciendo una de las piezas divertidas y deportivas de la colecci\u00f3n.<\/span><\/p>\n<p align=\"justify\">&nbsp;<\/p>\n<p align=\"justify\"><span style=\"font-size: medium;\">Equilibrando los elementos deportivos hab\u00eda una serie de glamurosos vestidos y prendas de lentejuelas. &#8220;A Fernando le encanta brillar. Soy una chica mate&#8221;, dijo Kim, enfatizando las perspectivas de dise\u00f1o diferentes pero complementarias del d\u00fao. Un look en particular, una camisa beige de manga larga con cuello polo bordado con lentejuelas diminutas combinada con una falda azul beb\u00e9, captur\u00f3 el equilibrio entre fantas\u00eda y practicidad por el que Monse es conocida. Los looks finales de la colecci\u00f3n se confeccionaron con gruesas bandas de tela tejidas, creando prendas de noche discretas pero sofisticadas que se sent\u00edan refrescantemente discretas.<\/span><\/p>\n<p align=\"justify\"><span style=\"font-size: medium;\">La colecci\u00f3n Primavera Verano 2025 de Monse fue una celebraci\u00f3n del esp\u00edritu estadounidense, mezclando influencias deportivas y universitarias con la elegancia deconstruida caracter\u00edstica de la marca. La mezcla de accesorios divertidos con tem\u00e1tica futbol\u00edstica y piezas de noche glamorosas y ponibles mostr\u00f3 la capacidad de Kim y Garc\u00eda para crear una colecci\u00f3n que se siente a la vez nost\u00e1lgica y con visi\u00f3n de futuro.<\/span><\/p>\n<p align=\"justify\"><span style=\"font-size: medium;\">ngg_shortcode_0_placeholder<\/span><\/p>\n<p>&nbsp;<\/p>\n","protected":false},"excerpt":{"rendered":"<p>Los dise\u00f1adores de Monse, Laura Kim y Fernando Garc\u00eda, rindieron homenaje a Am\u00e9rica con su colecci\u00f3n Primavera Verano 2025. Un tema que fue provocado por el reciente momento viral de Michelle Obama en una mirada de Monse a la Convenci\u00f3n&hellip;<\/p>\n<p class=\"more-link-p\"><a class=\"more-link\" href=\"https:\/\/bobvarela.com\/?p=162492\">Read more &rarr;<\/a><\/p>\n","protected":false},"author":1,"featured_media":0,"comment_status":"open","ping_status":"open","sticky":false,"template":"","format":"standard","meta":{"ngg_post_thumbnail":0,"footnotes":""},"categories":[4,295],"tags":[],"class_list":["post-162492","post","type-post","status-publish","format-standard","hentry","category-moda","category-puerto-rico"],"_links":{"self":[{"href":"https:\/\/bobvarela.com\/index.php?rest_route=\/wp\/v2\/posts\/162492","targetHints":{"allow":["GET"]}}],"collection":[{"href":"https:\/\/bobvarela.com\/index.php?rest_route=\/wp\/v2\/posts"}],"about":[{"href":"https:\/\/bobvarela.com\/index.php?rest_route=\/wp\/v2\/types\/post"}],"author":[{"embeddable":true,"href":"https:\/\/bobvarela.com\/index.php?rest_route=\/wp\/v2\/users\/1"}],"replies":[{"embeddable":true,"href":"https:\/\/bobvarela.com\/index.php?rest_route=%2Fwp%2Fv2%2Fcomments&post=162492"}],"version-history":[{"count":2,"href":"https:\/\/bobvarela.com\/index.php?rest_route=\/wp\/v2\/posts\/162492\/revisions"}],"predecessor-version":[{"id":162617,"href":"https:\/\/bobvarela.com\/index.php?rest_route=\/wp\/v2\/posts\/162492\/revisions\/162617"}],"wp:attachment":[{"href":"https:\/\/bobvarela.com\/index.php?rest_route=%2Fwp%2Fv2%2Fmedia&parent=162492"}],"wp:term":[{"taxonomy":"category","embeddable":true,"href":"https:\/\/bobvarela.com\/index.php?rest_route=%2Fwp%2Fv2%2Fcategories&post=162492"},{"taxonomy":"post_tag","embeddable":true,"href":"https:\/\/bobvarela.com\/index.php?rest_route=%2Fwp%2Fv2%2Ftags&post=162492"}],"curies":[{"name":"wp","href":"https:\/\/api.w.org\/{rel}","templated":true}]}}