{"id":162699,"date":"2024-09-17T19:26:46","date_gmt":"2024-09-17T23:26:46","guid":{"rendered":"https:\/\/bobvarela.com\/?p=162699"},"modified":"2024-09-17T19:26:46","modified_gmt":"2024-09-17T23:26:46","slug":"desfile-de-moda-kim-shui-primavera-verano-2025","status":"publish","type":"post","link":"https:\/\/bobvarela.com\/?p=162699","title":{"rendered":"Desfile de moda Kim Shui Primavera Verano 2025"},"content":{"rendered":"<p align=\"justify\"><font size=\"3\">La colecci\u00f3n Primavera Verano 2025 de Kim Shui fue un reflejo de sus experiencias transformadoras en Par\u00eds, particularmente durante la Semana de la Moda Masculina. Inspirada tanto en la ciudad como en la exposici\u00f3n &#8220;SECONDARY&#8221; de Matthew Barney en la Fondation Cartier, Shui present\u00f3 sus primeras piezas de ropa masculina, mezcl\u00e1ndolas sutilmente con la colecci\u00f3n sin fanfarrias, llevadas por modelos como Jake Fleming.<\/font><\/p>\n<p align=\"justify\"><font size=\"3\">La exposici\u00f3n presentaba esculturas de terracota que le recordaban a Shui el arte japon\u00e9s del Kintsugi, donde la cer\u00e1mica rota se repara con resina de oro, que simboliza la resistencia y la belleza que emergen de la imperfecci\u00f3n. Esta filosof\u00eda se convirti\u00f3 en la piedra angular de la colecci\u00f3n de Shui. &#8220;Es m\u00e1s resistente, y me gusta la idea de que sea esta unidad, que algo salga m\u00e1s hermoso que antes&#8221;, explic\u00f3 Shui.<\/font><\/p>\n<p align=\"justify\"><ins><font size=\"3\"><\/font><\/ins><\/p>\n<p align=\"justify\"><font size=\"3\">En su colecci\u00f3n, Shui realiz\u00f3 su propia versi\u00f3n de Kintsugi, fusionando elementos de sus colecciones anteriores. Las ic\u00f3nicas flores de la era Ming, los feroces toques Y2K del oto\u00f1o de 2023 y la enso\u00f1aci\u00f3n de la primavera de 2024 se entrelazaron. Los cors\u00e9s presentaban charol en la cintura para una silueta ce\u00f1ida, con tirantes rom\u00e1nticos que rozaban los hombros. Sus caracter\u00edsticos shorts microcortos se mantuvieron atrevidos en la parte trasera, pero ganaron un aspecto m\u00e1s modesto inspirado en los a\u00f1os 60 en la parte delantera, con cinturas m\u00e1s altas y delicados detalles de volantes.<\/font><\/p>\n<p align=\"justify\"><font size=\"3\">El debut de la moda masculina, aunque no anunciado, fue un momento significativo en el desfile. La presencia de editores de revistas masculinas insinuaba lo que estaba por venir. La ropa masculina de Shui, al igual que la femenina de Shui, encarnaba su est\u00e9tica ecl\u00e9ctica y atrevida, invitando a todo el mundo a adentrarse en su mundo en expansi\u00f3n.<\/font><\/p>\n<p align=\"justify\"><ins><font size=\"3\"><\/font><\/ins><\/p>\n<p align=\"justify\"><font size=\"3\">Como siempre, la propia Shui est\u00e1 en el centro de la cultura de su marca. Una figura muy querida en la escena de la moda del centro de la ciudad, su estilo personal y la lealtad de su c\u00edrculo contin\u00faan elevando la marca. Con la introducci\u00f3n de la moda masculina, Shui est\u00e1 ampliando su alcance, asegur\u00e1ndose de que su visi\u00f3n \u00fanica de la moda sea accesible para todos.<\/font><\/p>\n<p align=\"justify\"><font size=\"3\">ngg_shortcode_0_placeholder<\/font><\/p>\n","protected":false},"excerpt":{"rendered":"<p>La colecci\u00f3n Primavera Verano 2025 de Kim Shui fue un reflejo de sus experiencias transformadoras en Par\u00eds, particularmente durante la Semana de la Moda Masculina. Inspirada tanto en la ciudad como en la exposici\u00f3n &#8220;SECONDARY&#8221; de Matthew Barney en la&hellip;<\/p>\n<p class=\"more-link-p\"><a class=\"more-link\" href=\"https:\/\/bobvarela.com\/?p=162699\">Read more &rarr;<\/a><\/p>\n","protected":false},"author":1,"featured_media":0,"comment_status":"open","ping_status":"open","sticky":false,"template":"","format":"standard","meta":{"ngg_post_thumbnail":0,"footnotes":""},"categories":[4,422],"tags":[],"class_list":["post-162699","post","type-post","status-publish","format-standard","hentry","category-moda","category-new-york"],"_links":{"self":[{"href":"https:\/\/bobvarela.com\/index.php?rest_route=\/wp\/v2\/posts\/162699","targetHints":{"allow":["GET"]}}],"collection":[{"href":"https:\/\/bobvarela.com\/index.php?rest_route=\/wp\/v2\/posts"}],"about":[{"href":"https:\/\/bobvarela.com\/index.php?rest_route=\/wp\/v2\/types\/post"}],"author":[{"embeddable":true,"href":"https:\/\/bobvarela.com\/index.php?rest_route=\/wp\/v2\/users\/1"}],"replies":[{"embeddable":true,"href":"https:\/\/bobvarela.com\/index.php?rest_route=%2Fwp%2Fv2%2Fcomments&post=162699"}],"version-history":[{"count":1,"href":"https:\/\/bobvarela.com\/index.php?rest_route=\/wp\/v2\/posts\/162699\/revisions"}],"predecessor-version":[{"id":162700,"href":"https:\/\/bobvarela.com\/index.php?rest_route=\/wp\/v2\/posts\/162699\/revisions\/162700"}],"wp:attachment":[{"href":"https:\/\/bobvarela.com\/index.php?rest_route=%2Fwp%2Fv2%2Fmedia&parent=162699"}],"wp:term":[{"taxonomy":"category","embeddable":true,"href":"https:\/\/bobvarela.com\/index.php?rest_route=%2Fwp%2Fv2%2Fcategories&post=162699"},{"taxonomy":"post_tag","embeddable":true,"href":"https:\/\/bobvarela.com\/index.php?rest_route=%2Fwp%2Fv2%2Ftags&post=162699"}],"curies":[{"name":"wp","href":"https:\/\/api.w.org\/{rel}","templated":true}]}}