{"id":162931,"date":"2024-09-18T19:09:10","date_gmt":"2024-09-18T23:09:10","guid":{"rendered":"https:\/\/bobvarela.com\/?p=162931"},"modified":"2024-09-18T19:09:10","modified_gmt":"2024-09-18T23:09:10","slug":"desfile-de-ulla-johnson-primavera-verano-2025","status":"publish","type":"post","link":"https:\/\/bobvarela.com\/?p=162931","title":{"rendered":"Desfile de Ulla Johnson Primavera Verano 2025"},"content":{"rendered":"<p align=\"justify\"><font size=\"3\">La colecci\u00f3n Primavera Verano 2025 de Ulla Johnson es un testimonio de su profunda conexi\u00f3n con el arte, la naturaleza y la artesan\u00eda. Inspirada por el trabajo de Lee Krasner, un artista expresionista abstracto pionero, Johnson pas\u00f3 dos a\u00f1os trabajando con los herederos de Krasner para incorporar elementos de las pinturas de la artista a sus dise\u00f1os. El resultado es una colecci\u00f3n que fusiona el mundo de las bellas artes con la fluidez y la vida de la moda.<\/font><\/p>\n<p align=\"justify\"><font size=\"3\">La pintura de Krasner de 1970 Comet sirvi\u00f3 como motivo central en la colecci\u00f3n, con sus vibrantes pinceladas impresas en varias piezas, desde prendas deportivas de algod\u00f3n hasta vestidos midi fluidos. Otras dos obras de Krasner, Retrato en verde y Palingenesia, tambi\u00e9n se incorporaron a los grabados de la colecci\u00f3n. La admiraci\u00f3n de Johnson por Krasner va m\u00e1s all\u00e1 de la est\u00e9tica; Siente una conexi\u00f3n personal con el difunto artista, notando sus or\u00edgenes compartidos como neoyorquinos e hijos de inmigrantes, as\u00ed como su amor mutuo por las flores y la naturaleza.<\/font><\/p>\n<p align=\"justify\"><ins><font size=\"3\"><\/font><\/ins><\/p>\n<p align=\"justify\"><font size=\"3\">&#8220;Hablaba de que quer\u00eda que su trabajo respirara y viviera. Eso me llam\u00f3 mucho la atenci\u00f3n&#8221;, explic\u00f3 Johnson. Este sentimiento resuena con su enfoque del dise\u00f1o, donde las prendas est\u00e1n destinadas a cobrar vida a trav\u00e9s de las mujeres que las usan. La colecci\u00f3n de Johnson refleja esta filosof\u00eda, ofreciendo una gama de estilos que se adaptan a un amplio espectro de su clientela, desde ropa informal para el d\u00eda hasta intrincadas piezas de noche.<\/font><\/p>\n<p align=\"justify\"><font size=\"3\">En una notable expansi\u00f3n de su marca, Johnson experiment\u00f3 con la fluidez de g\u00e9nero esta temporada. Varios looks, como una t\u00fanica de encaje combinada con jeans acampanados y un abrigo con estampado Krasner, fueron usados por modelos masculinos. &#8220;Estos no eran looks cortados para hombres, fueron cortados como parte de nuestro pr\u00eat-\u00e0-porter&#8221;, dijo Johnson, enfatizando el ajuste natural y la conversaci\u00f3n en evoluci\u00f3n sobre el g\u00e9nero en la moda. Esto puede marcar el lanzamiento oficial de la moda masculina en sus colecciones, desafiando los l\u00edmites tradicionales entre la ropa femenina y la masculina.<\/font><\/p>\n<p align=\"justify\"><ins><font size=\"3\"><\/font><\/ins><\/p>\n<p align=\"justify\"><font size=\"3\">La artesan\u00eda sigue siendo el n\u00facleo de los dise\u00f1os de Johnson. Esta temporada, ofreci\u00f3 una amplia gama de estilos, desde un conjunto de top y falda de hilo desmenuzado hasta un llamativo vestido de fiesta negro adornado con flecos de cuentas doradas. En el lado m\u00e1s utilitario, Johnson present\u00f3 denim con bolsillo de parche en dos tonos, chaquetas de campo de lona recubierta y capas de algod\u00f3n que recuerdan a los uniformes de enfermeras militares vintage. Cada pieza mostraba su dedicaci\u00f3n a los detalles intrincados y a la construcci\u00f3n reflexiva.<\/font><\/p>\n<p align=\"justify\"><font size=\"3\">El camino de Ulla Johnson en la industria de la moda no siempre ha sido f\u00e1cil, pero su \u00e9xito hoy en d\u00eda es innegable. Al igual que Krasner, que trabaj\u00f3 a la sombra de su famoso marido Jackson Pollock, las contribuciones de Johnson a la industria a menudo se han pasado por alto. Sin embargo, su compromiso inquebrantable con su visi\u00f3n y su capacidad para construir uno de los negocios de moda m\u00e1s exitosos de Nueva York han hecho que sea imposible ignorarla. Esta temporada, contin\u00faa mezclando arte, artesan\u00eda y naturaleza en una colecci\u00f3n cohesiva y poderosa que habla de su papel en evoluci\u00f3n en el mundo de la moda.<\/font><\/p>\n<p align=\"justify\"><font size=\"3\">ngg_shortcode_0_placeholder<\/font><\/p>\n","protected":false},"excerpt":{"rendered":"<p>La colecci\u00f3n Primavera Verano 2025 de Ulla Johnson es un testimonio de su profunda conexi\u00f3n con el arte, la naturaleza y la artesan\u00eda. Inspirada por el trabajo de Lee Krasner, un artista expresionista abstracto pionero, Johnson pas\u00f3 dos a\u00f1os trabajando&hellip;<\/p>\n<p class=\"more-link-p\"><a class=\"more-link\" href=\"https:\/\/bobvarela.com\/?p=162931\">Read more &rarr;<\/a><\/p>\n","protected":false},"author":1,"featured_media":0,"comment_status":"open","ping_status":"open","sticky":false,"template":"","format":"standard","meta":{"ngg_post_thumbnail":0,"footnotes":""},"categories":[4,422],"tags":[],"class_list":["post-162931","post","type-post","status-publish","format-standard","hentry","category-moda","category-new-york"],"_links":{"self":[{"href":"https:\/\/bobvarela.com\/index.php?rest_route=\/wp\/v2\/posts\/162931","targetHints":{"allow":["GET"]}}],"collection":[{"href":"https:\/\/bobvarela.com\/index.php?rest_route=\/wp\/v2\/posts"}],"about":[{"href":"https:\/\/bobvarela.com\/index.php?rest_route=\/wp\/v2\/types\/post"}],"author":[{"embeddable":true,"href":"https:\/\/bobvarela.com\/index.php?rest_route=\/wp\/v2\/users\/1"}],"replies":[{"embeddable":true,"href":"https:\/\/bobvarela.com\/index.php?rest_route=%2Fwp%2Fv2%2Fcomments&post=162931"}],"version-history":[{"count":1,"href":"https:\/\/bobvarela.com\/index.php?rest_route=\/wp\/v2\/posts\/162931\/revisions"}],"predecessor-version":[{"id":162932,"href":"https:\/\/bobvarela.com\/index.php?rest_route=\/wp\/v2\/posts\/162931\/revisions\/162932"}],"wp:attachment":[{"href":"https:\/\/bobvarela.com\/index.php?rest_route=%2Fwp%2Fv2%2Fmedia&parent=162931"}],"wp:term":[{"taxonomy":"category","embeddable":true,"href":"https:\/\/bobvarela.com\/index.php?rest_route=%2Fwp%2Fv2%2Fcategories&post=162931"},{"taxonomy":"post_tag","embeddable":true,"href":"https:\/\/bobvarela.com\/index.php?rest_route=%2Fwp%2Fv2%2Ftags&post=162931"}],"curies":[{"name":"wp","href":"https:\/\/api.w.org\/{rel}","templated":true}]}}