{"id":163006,"date":"2024-09-19T05:24:42","date_gmt":"2024-09-19T09:24:42","guid":{"rendered":"https:\/\/bobvarela.com\/?p=163006"},"modified":"2024-09-19T05:24:42","modified_gmt":"2024-09-19T09:24:42","slug":"desfile-de-bach-mai-primavera-verano-2025","status":"publish","type":"post","link":"https:\/\/bobvarela.com\/?p=163006","title":{"rendered":"Desfile de Bach Mai Primavera Verano 2025"},"content":{"rendered":"<p align=\"justify\"><font size=\"3\">Esta temporada en Nueva York, muchos dise\u00f1adores han lidiado con la sensaci\u00f3n de pesimismo prevaleciente, buscando consuelo en la moda como fuente de alegr\u00eda y elevaci\u00f3n en medio de las presiones sociales, la incertidumbre econ\u00f3mica y las inminentes elecciones estadounidenses. Bach Mai, como muchos de sus compa\u00f1eros, se vio profundamente afectado por el peso de estos desaf\u00edos. &#8220;Este \u00faltimo a\u00f1o ha sido el m\u00e1s duro de mi vida&#8221;, admiti\u00f3 en el backstage antes de su desfile Primavera\/Verano 2025. &#8220;Es m\u00e1s dif\u00edcil que nunca para los j\u00f3venes dise\u00f1adores en este momento&#8221;. Enfrentado a esta oscuridad, Mai busc\u00f3 la luz, inyectando sus caracter\u00edsticos vestidos de noche y looks de alfombra roja con una exuberante paleta de colores brillantes y optimistas. Su inspiraci\u00f3n para la temporada provino de una cita de Albert Camus: &#8220;En medio del invierno, descubr\u00ed que hab\u00eda, dentro de m\u00ed, un verano invencible&#8221;.<\/font><\/p>\n<p align=\"justify\"><font size=\"3\">El uso del color por parte de Mai fue nada menos que un ant\u00eddoto visual contra la negatividad. Inspir\u00e1ndose en el artista James Turrell y el arquitecto mexicano Luis Barrag\u00e1n, Mai cre\u00f3 una colecci\u00f3n de noche ba\u00f1ada en tonos audaces y radiantes: rojos brillantes, naranjas, rosas y verdes espuma de mar. &#8220;Me encanta el profundo uso del color de Barrag\u00e1n, que es audaz y sutil al mismo tiempo&#8221;, explic\u00f3. Los tonos vibrantes aportaron una sensaci\u00f3n de optimismo y energ\u00eda, especialmente cuando se aplicaron a los dise\u00f1os m\u00e1s minimalistas de Mai. Las piezas m\u00e1s destacadas incluyeron un vestido de corpi\u00f1o sin tirantes con una falda de tul en cascada en rojo, rosa y morado, as\u00ed como una blusa blanca sin mangas de gasa con una cola trasera fluida combinada con micro shorts verde p\u00e1lido, un conjunto fresco como la menta que exudaba ligereza.<\/font><\/p>\n<p align=\"justify\"><ins><font size=\"3\"><\/font><\/ins><\/p>\n<p align=\"justify\"><font size=\"3\">Las creaciones distintivas de Mai listas para la gala de esta temporada sirvieron como su versi\u00f3n del glamour estadounidense, con un toque de alta costura de mediados de siglo y arte tradicional japon\u00e9s Bijinga. Las piezas notables incluyeron coloridos &#8220;jeans&#8221; de organza que se sent\u00edan como una nueva interpretaci\u00f3n de la moda de la alfombra roja. <\/font><\/p>\n<p align=\"justify\"><ins><font size=\"3\"><\/font><\/ins><\/p>\n<p align=\"justify\"><font size=\"3\">ngg_shortcode_0_placeholder<\/font><\/p>\n","protected":false},"excerpt":{"rendered":"<p>Esta temporada en Nueva York, muchos dise\u00f1adores han lidiado con la sensaci\u00f3n de pesimismo prevaleciente, buscando consuelo en la moda como fuente de alegr\u00eda y elevaci\u00f3n en medio de las presiones sociales, la incertidumbre econ\u00f3mica y las inminentes elecciones estadounidenses.&hellip;<\/p>\n<p class=\"more-link-p\"><a class=\"more-link\" href=\"https:\/\/bobvarela.com\/?p=163006\">Read more &rarr;<\/a><\/p>\n","protected":false},"author":1,"featured_media":0,"comment_status":"open","ping_status":"open","sticky":false,"template":"","format":"standard","meta":{"ngg_post_thumbnail":0,"footnotes":""},"categories":[4,422],"tags":[],"class_list":["post-163006","post","type-post","status-publish","format-standard","hentry","category-moda","category-new-york"],"_links":{"self":[{"href":"https:\/\/bobvarela.com\/index.php?rest_route=\/wp\/v2\/posts\/163006","targetHints":{"allow":["GET"]}}],"collection":[{"href":"https:\/\/bobvarela.com\/index.php?rest_route=\/wp\/v2\/posts"}],"about":[{"href":"https:\/\/bobvarela.com\/index.php?rest_route=\/wp\/v2\/types\/post"}],"author":[{"embeddable":true,"href":"https:\/\/bobvarela.com\/index.php?rest_route=\/wp\/v2\/users\/1"}],"replies":[{"embeddable":true,"href":"https:\/\/bobvarela.com\/index.php?rest_route=%2Fwp%2Fv2%2Fcomments&post=163006"}],"version-history":[{"count":1,"href":"https:\/\/bobvarela.com\/index.php?rest_route=\/wp\/v2\/posts\/163006\/revisions"}],"predecessor-version":[{"id":163007,"href":"https:\/\/bobvarela.com\/index.php?rest_route=\/wp\/v2\/posts\/163006\/revisions\/163007"}],"wp:attachment":[{"href":"https:\/\/bobvarela.com\/index.php?rest_route=%2Fwp%2Fv2%2Fmedia&parent=163006"}],"wp:term":[{"taxonomy":"category","embeddable":true,"href":"https:\/\/bobvarela.com\/index.php?rest_route=%2Fwp%2Fv2%2Fcategories&post=163006"},{"taxonomy":"post_tag","embeddable":true,"href":"https:\/\/bobvarela.com\/index.php?rest_route=%2Fwp%2Fv2%2Ftags&post=163006"}],"curies":[{"name":"wp","href":"https:\/\/api.w.org\/{rel}","templated":true}]}}