{"id":163059,"date":"2024-09-19T05:29:38","date_gmt":"2024-09-19T09:29:38","guid":{"rendered":"https:\/\/bobvarela.com\/?p=163059"},"modified":"2024-09-19T05:29:38","modified_gmt":"2024-09-19T09:29:38","slug":"3-1-desfile-de-phillip-lim-primavera-verano-2025","status":"publish","type":"post","link":"https:\/\/bobvarela.com\/?p=163059","title":{"rendered":"3.1 Desfile de Phillip Lim Primavera Verano 2025"},"content":{"rendered":"<p align=\"justify\"><font size=\"3\">Phillip Lim marc\u00f3 un hito importante esta temporada con su desfile Primavera Verano 2025, celebrando 20 a\u00f1os en la industria de la moda. Para los presentes en su debut, fue un momento conmovedor, un recordatorio de lo raro que es mantener el \u00e9xito en una industria tan voluble como la moda. Muchos de los contempor\u00e1neos de Lim de mediados de la d\u00e9cada de 2000 se han desvanecido silenciosamente, incapaces de mantenerse al d\u00eda con el implacable ritmo del cambio. Pero Lim no solo ha sobrevivido; Ha prosperado. \u00bfSu secreto? Adaptabilidad y un ojo inquebrantable para las tendencias emergentes. Cuando se le pregunt\u00f3 en el backstage c\u00f3mo se sent\u00eda ser un sobreviviente en una industria tan desafiante, Lim ten\u00eda una palabra para describirlo: &#8220;alegre&#8221;.<\/font><\/p>\n<p align=\"justify\"><font size=\"3\">La capacidad de Lim para evolucionar mientras se mantiene fiel a su identidad de marca es lo que lo ha mantenido relevante a lo largo de los a\u00f1os. Tiene la habilidad de incorporar nuevas tendencias en sus dise\u00f1os sin perder la esencia de lo que hace que 3.1 Phillip Lim sea distintivo. Tomemos, por ejemplo, la inclusi\u00f3n de Brat Green en la colecci\u00f3n de esta temporada. A pesar de no estar al tanto del fen\u00f3meno viral del color, Lim instintivamente gravit\u00f3 hacia el tono, explicando: &#8220;Es un color que usaba en California cuando era joven&#8221;. Esa conexi\u00f3n nost\u00e1lgica se tradujo en una pieza destacada: jeans holgados con cremalleras en los lados, una alternativa fresca al denim tradicional.<\/font><\/p>\n<p align=\"justify\"><ins><font size=\"3\"><\/font><\/ins><\/p>\n<p align=\"justify\"><font size=\"3\">En esta colecci\u00f3n, Lim tambi\u00e9n revisit\u00f3 elementos de sus archivos, record\u00e1ndonos la evoluci\u00f3n de su marca. Rosettes hizo un regreso, visto por primera vez en su colecci\u00f3n de primavera de 2007, que tambi\u00e9n fue su desfile debut. Otras referencias incluyeron blusas de encaje de gran tama\u00f1o con proporciones de camisetas de f\u00fatbol, detalles de flecos de cristal y sus piezas h\u00edbridas distintivas: mezclilla empalmada con sudaderas, parches de camuflaje y camisetas de mantra reinventadas como vestidos lenceros. Pero no todo fue mirar atr\u00e1s. Lim avanz\u00f3 con nuevas ideas, como faldas micro cruzadas y una mini de denim lavado al \u00e1cido que agreg\u00f3 un toque juvenil a la colecci\u00f3n.<\/font><\/p>\n<p align=\"justify\"><font size=\"3\">Reflexionando sobre la importancia de su 20\u00ba aniversario, Lim ofreci\u00f3 ideas que se sent\u00edan casi como mantras en s\u00ed mismos. &#8220;Siento que solo puedo garantizar el momento&#8221;, dijo. La moda, se\u00f1al\u00f3, est\u00e1 en constante cambio: las longitudes, los colores y las tendencias van y vienen. Pero la alegr\u00eda, enfatiz\u00f3, es una constante. &#8220;La alegr\u00eda es una cualidad humana que todos podemos aprovechar, que todos podemos compartir. Y ahora mismo, en este momento en particular, la alegr\u00eda es tan necesaria&#8221;.<\/font><\/p>\n<p align=\"justify\"><ins><font size=\"3\"><\/font><\/ins><\/p>\n<p align=\"justify\"><font size=\"3\">La celebraci\u00f3n de la alegr\u00eda de Lim no era solo filos\u00f3fica, era palpable. Concluy\u00f3 el espect\u00e1culo invitando a todo su equipo de estudio a unirse a \u00e9l en el escenario para una reverencia colectiva, subrayando el esp\u00edritu colaborativo que ha sido una piedra angular de su marca. El momento fue un final apropiado para un espect\u00e1culo que honr\u00f3 el pasado, abraz\u00f3 el presente y mir\u00f3 hacia el futuro con optimismo y, por supuesto, alegr\u00eda.<\/font><\/p>\n<p align=\"justify\"><font size=\"3\">ngg_shortcode_0_placeholder<\/font><\/p>\n","protected":false},"excerpt":{"rendered":"<p>Phillip Lim marc\u00f3 un hito importante esta temporada con su desfile Primavera Verano 2025, celebrando 20 a\u00f1os en la industria de la moda. Para los presentes en su debut, fue un momento conmovedor, un recordatorio de lo raro que es&hellip;<\/p>\n<p class=\"more-link-p\"><a class=\"more-link\" href=\"https:\/\/bobvarela.com\/?p=163059\">Read more &rarr;<\/a><\/p>\n","protected":false},"author":1,"featured_media":0,"comment_status":"open","ping_status":"open","sticky":false,"template":"","format":"standard","meta":{"ngg_post_thumbnail":0,"footnotes":""},"categories":[4,422],"tags":[],"class_list":["post-163059","post","type-post","status-publish","format-standard","hentry","category-moda","category-new-york"],"_links":{"self":[{"href":"https:\/\/bobvarela.com\/index.php?rest_route=\/wp\/v2\/posts\/163059","targetHints":{"allow":["GET"]}}],"collection":[{"href":"https:\/\/bobvarela.com\/index.php?rest_route=\/wp\/v2\/posts"}],"about":[{"href":"https:\/\/bobvarela.com\/index.php?rest_route=\/wp\/v2\/types\/post"}],"author":[{"embeddable":true,"href":"https:\/\/bobvarela.com\/index.php?rest_route=\/wp\/v2\/users\/1"}],"replies":[{"embeddable":true,"href":"https:\/\/bobvarela.com\/index.php?rest_route=%2Fwp%2Fv2%2Fcomments&post=163059"}],"version-history":[{"count":1,"href":"https:\/\/bobvarela.com\/index.php?rest_route=\/wp\/v2\/posts\/163059\/revisions"}],"predecessor-version":[{"id":163060,"href":"https:\/\/bobvarela.com\/index.php?rest_route=\/wp\/v2\/posts\/163059\/revisions\/163060"}],"wp:attachment":[{"href":"https:\/\/bobvarela.com\/index.php?rest_route=%2Fwp%2Fv2%2Fmedia&parent=163059"}],"wp:term":[{"taxonomy":"category","embeddable":true,"href":"https:\/\/bobvarela.com\/index.php?rest_route=%2Fwp%2Fv2%2Fcategories&post=163059"},{"taxonomy":"post_tag","embeddable":true,"href":"https:\/\/bobvarela.com\/index.php?rest_route=%2Fwp%2Fv2%2Ftags&post=163059"}],"curies":[{"name":"wp","href":"https:\/\/api.w.org\/{rel}","templated":true}]}}