{"id":163131,"date":"2024-09-19T18:52:13","date_gmt":"2024-09-19T22:52:13","guid":{"rendered":"https:\/\/bobvarela.com\/?p=163131"},"modified":"2024-09-19T18:52:13","modified_gmt":"2024-09-19T22:52:13","slug":"desfile-de-dennis-basso-primavera-verano-2025","status":"publish","type":"post","link":"https:\/\/bobvarela.com\/?p=163131","title":{"rendered":"Desfile de Dennis Basso Primavera Verano 2025"},"content":{"rendered":"<p align=\"justify\"><font size=\"3\">La colecci\u00f3n Primavera-Verano 2025 de Dennis Basso, presentada en el 583 de Park Avenue, fue un homenaje a la feminidad de todas las generaciones. La colecci\u00f3n exudaba elegancia y versatilidad, con dise\u00f1os dirigidos a mujeres de todas las edades, encarnando la visi\u00f3n de Basso de celebrar la &#8220;era de la posibilidad&#8221;.<\/font><\/p>\n<p align=\"justify\"><font size=\"3\">El gran final del desfile cont\u00f3 con una aparici\u00f3n especial de la ex estrella de &#8220;All My Children&#8221; Susan Lucci, quien subi\u00f3 a la pasarela con un vestido de color crema lima con hombros descubiertos, al ritmo del himno de empoderamiento &#8220;I&#8217;m Every Woman&#8221; de Chaka Khan. La forma de caminar segura de Lucci y su energ\u00eda contagiosa aportaron una capa adicional de emoci\u00f3n a una presentaci\u00f3n ya glamorosa. Despu\u00e9s del desfile, comparti\u00f3 que la autoafirmaci\u00f3n la hab\u00eda ayudado a superar los nervios previos al desfile, encarnando el esp\u00edritu de confianza que Basso pretend\u00eda transmitir a trav\u00e9s de sus dise\u00f1os.<\/font><\/p>\n<p align=\"justify\"><ins><font size=\"3\"><\/font><\/ins><\/p>\n<p align=\"justify\"><font size=\"3\">En el backstage, Basso enfatiz\u00f3 que su colecci\u00f3n fue creada pensando en mujeres de todas las edades. &#8220;Hab\u00eda cosas en esta colecci\u00f3n para la mujer joven, la mujer mediana y la mujer mayor&#8221;, explic\u00f3. El resultado fue una gama que se sent\u00eda a la vez juvenil y madura, sexy pero recatada, que se adaptaba a un amplio espectro de gustos y estilos de vida.<\/font><\/p>\n<p align=\"justify\"><font size=\"3\">Un aspecto destacado de la colecci\u00f3n fue el uso de colores Pantone llamativos, como Lime Cr\u00e8me, Limpet Shell y Orangeade. Estos tonos vibrantes se integraron maravillosamente en piezas destacadas como el vestido de sat\u00e9n de seda Limpet Shell con tirantes trenzados y el vestido de c\u00f3ctel de gasa de seda floral Orangeade adornado con detalles de p\u00e9talos hechos a mano. La experiencia de Basso en el trabajo con telas lujosas fue evidente en sus vestidos de gasa de seda, particularmente un vestido de c\u00f3ctel plisado en color coral con un pussy bow y mangas acampanadas, que captur\u00f3 la esencia del encanto femenino.<\/font><\/p>\n<p align=\"justify\"><ins><font size=\"3\"><\/font><\/ins><\/p>\n<p align=\"justify\"><font size=\"3\">Conocido por su compromiso con la producci\u00f3n local, Basso destac\u00f3 con orgullo su fabricaci\u00f3n en la ciudad de Nueva York, subrayando la importancia de crear prendas de alta calidad que reflejen la herencia de la moda de la ciudad. Esta dedicaci\u00f3n a la artesan\u00eda se vio en cada detalle de la colecci\u00f3n, desde intrincados adornos cosidos a mano hasta siluetas confeccionadas por expertos.<\/font><\/p>\n<p align=\"justify\"><font size=\"3\">Adem\u00e1s de su colecci\u00f3n de pasarela, Basso incorpor\u00f3 piezas de su antigua l\u00ednea QVC, lo que refleja su asociaci\u00f3n de 31 a\u00f1os con la red. El desfile cont\u00f3 con varios estilos de su colecci\u00f3n QVC, incluida la muy esperada gabardina, que se esperaba que vendiera entre 30,000 y 40,000 unidades durante una transmisi\u00f3n en vivo desde el lugar m\u00e1s tarde esa noche. La capacidad de Basso para combinar la alta costura con la accesibilidad demostr\u00f3 su comprensi\u00f3n del deseo de la mujer moderna tanto por el lujo como por la practicidad.<\/font><\/p>\n<p align=\"justify\"><font size=\"3\">El mensaje general del desfile fue claro: la belleza y el estilo no tienen edad. La colecci\u00f3n de Basso resonaba con la idea de que la moda es una forma de autoexpresi\u00f3n, de la que se hizo eco la propia Lucci. &#8220;Lo maravilloso de la moda ahora es la apertura a la autoexpresi\u00f3n&#8221;, coment\u00f3. Esta filosof\u00eda se reflej\u00f3 en la diversa gama de dise\u00f1os que ofrec\u00edan a las mujeres la libertad de abrazar su individualidad y confianza a trav\u00e9s de la moda.<\/font><\/p>\n<p align=\"justify\"><ins><font size=\"3\"><\/font><\/ins><\/p>\n<p align=\"justify\"><font size=\"3\">Con su colecci\u00f3n SS25, Dennis Basso continu\u00f3 consolidando su reputaci\u00f3n como dise\u00f1ador que entiende y celebra a la mujer en todas sus formas, ofreciendo un desfile tan atemporal como contempor\u00e1neo.<\/font><\/p>\n<p><font size=\"3\">ngg_shortcode_0_placeholder<\/font><\/p>\n","protected":false},"excerpt":{"rendered":"<p>La colecci\u00f3n Primavera-Verano 2025 de Dennis Basso, presentada en el 583 de Park Avenue, fue un homenaje a la feminidad de todas las generaciones. La colecci\u00f3n exudaba elegancia y versatilidad, con dise\u00f1os dirigidos a mujeres de todas las edades, encarnando&hellip;<\/p>\n<p class=\"more-link-p\"><a class=\"more-link\" href=\"https:\/\/bobvarela.com\/?p=163131\">Read more &rarr;<\/a><\/p>\n","protected":false},"author":1,"featured_media":0,"comment_status":"open","ping_status":"open","sticky":false,"template":"","format":"standard","meta":{"ngg_post_thumbnail":0,"footnotes":""},"categories":[4,422],"tags":[],"class_list":["post-163131","post","type-post","status-publish","format-standard","hentry","category-moda","category-new-york"],"_links":{"self":[{"href":"https:\/\/bobvarela.com\/index.php?rest_route=\/wp\/v2\/posts\/163131","targetHints":{"allow":["GET"]}}],"collection":[{"href":"https:\/\/bobvarela.com\/index.php?rest_route=\/wp\/v2\/posts"}],"about":[{"href":"https:\/\/bobvarela.com\/index.php?rest_route=\/wp\/v2\/types\/post"}],"author":[{"embeddable":true,"href":"https:\/\/bobvarela.com\/index.php?rest_route=\/wp\/v2\/users\/1"}],"replies":[{"embeddable":true,"href":"https:\/\/bobvarela.com\/index.php?rest_route=%2Fwp%2Fv2%2Fcomments&post=163131"}],"version-history":[{"count":1,"href":"https:\/\/bobvarela.com\/index.php?rest_route=\/wp\/v2\/posts\/163131\/revisions"}],"predecessor-version":[{"id":163132,"href":"https:\/\/bobvarela.com\/index.php?rest_route=\/wp\/v2\/posts\/163131\/revisions\/163132"}],"wp:attachment":[{"href":"https:\/\/bobvarela.com\/index.php?rest_route=%2Fwp%2Fv2%2Fmedia&parent=163131"}],"wp:term":[{"taxonomy":"category","embeddable":true,"href":"https:\/\/bobvarela.com\/index.php?rest_route=%2Fwp%2Fv2%2Fcategories&post=163131"},{"taxonomy":"post_tag","embeddable":true,"href":"https:\/\/bobvarela.com\/index.php?rest_route=%2Fwp%2Fv2%2Ftags&post=163131"}],"curies":[{"name":"wp","href":"https:\/\/api.w.org\/{rel}","templated":true}]}}