{"id":163173,"date":"2024-09-19T18:58:35","date_gmt":"2024-09-19T22:58:35","guid":{"rendered":"https:\/\/bobvarela.com\/?p=163173"},"modified":"2024-09-19T18:58:35","modified_gmt":"2024-09-19T22:58:35","slug":"desfile-de-naeem-khan-primavera-verano-2025","status":"publish","type":"post","link":"https:\/\/bobvarela.com\/?p=163173","title":{"rendered":"Desfile de Naeem Khan Primavera Verano 2025"},"content":{"rendered":"<p align=\"justify\"><font size=\"3\">La presentaci\u00f3n Primavera-Verano 2025 de Naeem Khan en el Centro \u00c1ngel Orensanz aport\u00f3 un toque de magia de Broadway a la pasarela. Justo cuando los invitados pensaban que el espect\u00e1culo hab\u00eda concluido, las luces se volvieron de un dram\u00e1tico tono verde y la m\u00fasica de Wicked llen\u00f3 el espacio. El espect\u00e1culo estaba lejos de terminar; Khan sorprendi\u00f3 a la audiencia con una colecci\u00f3n c\u00e1psula inspirada en Wicked, una colaboraci\u00f3n con Universal Studios, que coincidir\u00e1 con el lanzamiento en noviembre de la adaptaci\u00f3n cinematogr\u00e1fica de Jon M. Chu del amado musical.<\/font><\/p>\n<p align=\"justify\"><font size=\"3\">La colecci\u00f3n c\u00e1psula present\u00f3 los vestidos de noche caracter\u00edsticos de Khan, reinventados en tonos de verde Elphaba, rosa Glinda y negro intenso. Su objetivo era hacer que estas piezas fueran glamorosas, en lugar de disfraces, y lo logr\u00f3. Un vestido de tul transparente con tela verde brillante parec\u00eda adecuado para el momento de la alfombra roja de Elphaba, mientras que un vestido columna rosa de manga larga cubierto con flecos de cuentas en cascada encarn\u00f3 el estilo ic\u00f3nico de Glinda con un toque adicional de glamour de Hollywood. La colecci\u00f3n era alegre y llamativa, lo que la convert\u00eda en una mezcla perfecta de la elegancia de Khan y el estilo m\u00e1s grande que la vida de Broadway.<\/font><\/p>\n<p align=\"justify\"><ins><font size=\"3\"><\/font><\/ins><\/p>\n<p align=\"justify\"><font size=\"3\">Las piezas de Wicked se destacaron como una salida divertida de la tarifa habitual, pero permanecieron profundamente conectadas con el esp\u00edritu de dise\u00f1o central de Khan: crear ropa de noche glamorosa y deslumbrante. Sin embargo, la colaboraci\u00f3n no eclips\u00f3 al resto de su colecci\u00f3n. Como siempre, la l\u00ednea principal de Khan presentaba una exquisita variedad de vestidos dignos de la alfombra roja adornados con intrincados abalorios, cristales y bordados. Su viaje de verano a Sicilia, donde visit\u00f3 lugares hist\u00f3ricos como Noto y Taormina, influy\u00f3 en gran medida en la est\u00e9tica de la colecci\u00f3n. Los detalles ornamentados de la t\u00fanica barroca plateada combinada con un vestido de seda crema en V profunda, as\u00ed como un regio vestido de columna de cadena drapeada de color p\u00farpura, reflejaron la grandeza y la opulencia de la arquitectura y el arte sicilianos.<\/font><\/p>\n<p align=\"justify\"><ins><font size=\"3\"><\/font><\/ins><\/p>\n<p align=\"justify\"><font size=\"3\">Los vestidos de Khan estaban adornados con patrones intrincados, muchos de ellos con ramas de olivo inspiradas en los vi\u00f1edos que encontr\u00f3 durante su estancia en Italia. La riqueza de estos dise\u00f1os evocaba una sensaci\u00f3n de elegancia atemporal, perfectamente adecuada para la realeza o las celebridades de la lista A en la alfombra roja.<\/font><\/p>\n<p align=\"justify\"><font size=\"3\">Si bien la colecci\u00f3n brind\u00f3 el brillo y el glamour esperados, la artesan\u00eda y la atenci\u00f3n al detalle de Khan elevaron las piezas m\u00e1s all\u00e1 del mero espect\u00e1culo. La colecci\u00f3n mantuvo un equilibrio entre la audacia y la sofisticaci\u00f3n, alej\u00e1ndose de la ostentaci\u00f3n que a veces puede acompa\u00f1ar a dise\u00f1os tan opulentos.<\/font><\/p>\n<p align=\"justify\"><font size=\"3\">En una nueva aventura, Khan tambi\u00e9n introdujo la moda masculina en su colecci\u00f3n, una primicia para el dise\u00f1ador. Sus trajes de noche reflejaban la misma extravagancia y atenci\u00f3n al detalle que sus vestidos de mujer. Un traje de raya diplom\u00e1tica forrado con flecos de cuentas aport\u00f3 un toque de deslumbramiento, mientras que un abrigo de noche con cuello mandar\u00edn y cuentas negras mate ofreci\u00f3 una versi\u00f3n m\u00e1s sutil y refinada de la ropa formal masculina. Khan describi\u00f3 al hombre Naeem como &#8220;extravagante, como mi mujer&#8221;, alentando a los hombres a abrazar las lentejuelas y el brillo.<\/font><\/p>\n<p align=\"justify\"><font size=\"3\">Con su colecci\u00f3n SS25, Naeem Khan demostr\u00f3 una vez m\u00e1s su maestr\u00eda en la creaci\u00f3n de dise\u00f1os glamurosos y de alto impacto. Ya sea a trav\u00e9s de su c\u00e1psula Wicked o sus vestidos de noche cl\u00e1sicamente opulentos, la colecci\u00f3n de Khan demostr\u00f3 que pocos dise\u00f1adores pueden igualar su capacidad para combinar el estilo teatral con la elegancia sofisticada.<\/font><\/p>\n<p align=\"justify\"><font size=\"3\">ngg_shortcode_0_placeholder<\/font><\/p>\n<p><font size=\"3\"><\/font><\/p>\n","protected":false},"excerpt":{"rendered":"<p>La presentaci\u00f3n Primavera-Verano 2025 de Naeem Khan en el Centro \u00c1ngel Orensanz aport\u00f3 un toque de magia de Broadway a la pasarela. Justo cuando los invitados pensaban que el espect\u00e1culo hab\u00eda concluido, las luces se volvieron de un dram\u00e1tico tono&hellip;<\/p>\n<p class=\"more-link-p\"><a class=\"more-link\" href=\"https:\/\/bobvarela.com\/?p=163173\">Read more &rarr;<\/a><\/p>\n","protected":false},"author":1,"featured_media":0,"comment_status":"open","ping_status":"open","sticky":false,"template":"","format":"standard","meta":{"ngg_post_thumbnail":0,"footnotes":""},"categories":[4,422],"tags":[],"class_list":["post-163173","post","type-post","status-publish","format-standard","hentry","category-moda","category-new-york"],"_links":{"self":[{"href":"https:\/\/bobvarela.com\/index.php?rest_route=\/wp\/v2\/posts\/163173","targetHints":{"allow":["GET"]}}],"collection":[{"href":"https:\/\/bobvarela.com\/index.php?rest_route=\/wp\/v2\/posts"}],"about":[{"href":"https:\/\/bobvarela.com\/index.php?rest_route=\/wp\/v2\/types\/post"}],"author":[{"embeddable":true,"href":"https:\/\/bobvarela.com\/index.php?rest_route=\/wp\/v2\/users\/1"}],"replies":[{"embeddable":true,"href":"https:\/\/bobvarela.com\/index.php?rest_route=%2Fwp%2Fv2%2Fcomments&post=163173"}],"version-history":[{"count":1,"href":"https:\/\/bobvarela.com\/index.php?rest_route=\/wp\/v2\/posts\/163173\/revisions"}],"predecessor-version":[{"id":163174,"href":"https:\/\/bobvarela.com\/index.php?rest_route=\/wp\/v2\/posts\/163173\/revisions\/163174"}],"wp:attachment":[{"href":"https:\/\/bobvarela.com\/index.php?rest_route=%2Fwp%2Fv2%2Fmedia&parent=163173"}],"wp:term":[{"taxonomy":"category","embeddable":true,"href":"https:\/\/bobvarela.com\/index.php?rest_route=%2Fwp%2Fv2%2Fcategories&post=163173"},{"taxonomy":"post_tag","embeddable":true,"href":"https:\/\/bobvarela.com\/index.php?rest_route=%2Fwp%2Fv2%2Ftags&post=163173"}],"curies":[{"name":"wp","href":"https:\/\/api.w.org\/{rel}","templated":true}]}}