{"id":163322,"date":"2024-09-22T19:23:26","date_gmt":"2024-09-22T23:23:26","guid":{"rendered":"https:\/\/bobvarela.com\/?p=163322"},"modified":"2024-09-22T19:23:26","modified_gmt":"2024-09-22T23:23:26","slug":"desfile-de-moda-aknvas-primavera-verano-2025","status":"publish","type":"post","link":"https:\/\/bobvarela.com\/?p=163322","title":{"rendered":"Desfile de moda Aknvas Primavera Verano 2025"},"content":{"rendered":"<p align=\"justify\"><font size=\"3\">La colecci\u00f3n Primavera Verano 2025 de Christian Juul Nielsen para AKNVAS transport\u00f3 al p\u00fablico a un verano n\u00f3rdico de ensue\u00f1o con su tema &#8220;Nordic Midsummer Camp&#8221;. Presentado en Hudson Yards, el desfile captur\u00f3 el esp\u00edritu despreocupado del verano, mezclando la nostalgia con elementos de moda moderna. La colecci\u00f3n se desarroll\u00f3 en tres cap\u00edtulos distintos: &#8220;Urban Scout&#8221;, &#8220;Campos de flores monocrom\u00e1ticos&#8221; y &#8220;Roc\u00edo radiante&#8221;, cada uno de los cuales refleja una faceta diferente de la esencia del verano.<\/font><\/p>\n<p align=\"justify\"><font size=\"3\">El desfile se abri\u00f3 con looks de denim y lona inspirados en la ropa de trabajo, como un conjunto de chaqueta y microshorts y un vestido ultra mini. A medida que la colecci\u00f3n avanzaba, la atenci\u00f3n se centr\u00f3 en tejidos m\u00e1s ligeros, como el lino y el encaje, adornados con apliques florales en 3D. Si bien las flores son un elemento b\u00e1sico de la primavera, AKNVAS desafi\u00f3 las convenciones al presentar piezas inesperadas como bombachos para hombres y micro minifaldas, adoptando un enfoque fluido y transgresor de la moda.<\/font><\/p>\n<p align=\"justify\"><ins><font size=\"3\"><\/font><\/ins><\/p>\n<p align=\"justify\"><font size=\"3\">El ambiente cambi\u00f3 a mitad del espect\u00e1culo cuando la m\u00fasica de Charli XCX son\u00f3 por los altavoces, marcando un cambio hacia estilos m\u00e1s atrevidos. En esta fase se introdujo un minivestido vaquero con ojales y un conjunto a juego, a\u00f1adiendo un toque de energ\u00eda rebelde. El desfile concluy\u00f3 con dos looks de lentejuelas, poniendo el broche final a la colecci\u00f3n.<\/font><\/p>\n<p align=\"justify\"><font size=\"3\">AKNVAS tambi\u00e9n debut\u00f3 con sus primeros bolsos y present\u00f3 una asociaci\u00f3n continua con Stuart Weitzman, mostrando la colecci\u00f3n c\u00e1psula Emerson inspirada en las motos. Con siluetas atrevidas, texturas divertidas y una paleta de colores alegre, la colecci\u00f3n SS25 captur\u00f3 el esp\u00edritu juvenil y aventurero de un verano n\u00f3rdico, ofreciendo una visi\u00f3n refrescante de la moda moderna.<\/font><\/p>\n<p align=\"justify\"><font size=\"3\">ngg_shortcode_0_placeholder<\/font><\/p>\n<p align=\"justify\"><font size=\"3\"><\/font><\/p>\n","protected":false},"excerpt":{"rendered":"<p>La colecci\u00f3n Primavera Verano 2025 de Christian Juul Nielsen para AKNVAS transport\u00f3 al p\u00fablico a un verano n\u00f3rdico de ensue\u00f1o con su tema &#8220;Nordic Midsummer Camp&#8221;. Presentado en Hudson Yards, el desfile captur\u00f3 el esp\u00edritu despreocupado del verano, mezclando la&hellip;<\/p>\n<p class=\"more-link-p\"><a class=\"more-link\" href=\"https:\/\/bobvarela.com\/?p=163322\">Read more &rarr;<\/a><\/p>\n","protected":false},"author":1,"featured_media":0,"comment_status":"open","ping_status":"open","sticky":false,"template":"","format":"standard","meta":{"ngg_post_thumbnail":0,"footnotes":""},"categories":[4,422],"tags":[],"class_list":["post-163322","post","type-post","status-publish","format-standard","hentry","category-moda","category-new-york"],"_links":{"self":[{"href":"https:\/\/bobvarela.com\/index.php?rest_route=\/wp\/v2\/posts\/163322","targetHints":{"allow":["GET"]}}],"collection":[{"href":"https:\/\/bobvarela.com\/index.php?rest_route=\/wp\/v2\/posts"}],"about":[{"href":"https:\/\/bobvarela.com\/index.php?rest_route=\/wp\/v2\/types\/post"}],"author":[{"embeddable":true,"href":"https:\/\/bobvarela.com\/index.php?rest_route=\/wp\/v2\/users\/1"}],"replies":[{"embeddable":true,"href":"https:\/\/bobvarela.com\/index.php?rest_route=%2Fwp%2Fv2%2Fcomments&post=163322"}],"version-history":[{"count":1,"href":"https:\/\/bobvarela.com\/index.php?rest_route=\/wp\/v2\/posts\/163322\/revisions"}],"predecessor-version":[{"id":163323,"href":"https:\/\/bobvarela.com\/index.php?rest_route=\/wp\/v2\/posts\/163322\/revisions\/163323"}],"wp:attachment":[{"href":"https:\/\/bobvarela.com\/index.php?rest_route=%2Fwp%2Fv2%2Fmedia&parent=163322"}],"wp:term":[{"taxonomy":"category","embeddable":true,"href":"https:\/\/bobvarela.com\/index.php?rest_route=%2Fwp%2Fv2%2Fcategories&post=163322"},{"taxonomy":"post_tag","embeddable":true,"href":"https:\/\/bobvarela.com\/index.php?rest_route=%2Fwp%2Fv2%2Ftags&post=163322"}],"curies":[{"name":"wp","href":"https:\/\/api.w.org\/{rel}","templated":true}]}}