{"id":163895,"date":"2024-10-14T10:17:14","date_gmt":"2024-10-14T14:17:14","guid":{"rendered":"https:\/\/bobvarela.com\/?p=163895"},"modified":"2024-10-14T10:29:55","modified_gmt":"2024-10-14T14:29:55","slug":"childhood-nostalgia-la-coleccin-de-la-lnea-nothing-2-wear-concept-de-albania-rosario","status":"publish","type":"post","link":"https:\/\/bobvarela.com\/?p=163895","title":{"rendered":"&ldquo;Childhood Nostalgia,&rdquo; la Colecci&oacute;n de la L&iacute;nea Nothing 2 Wear Concept de Albania Rosario"},"content":{"rendered":"<p><b><\/b><\/p>\n<p><b><\/p>\n<p align=\"center\"><font size=\"3\"><a href=\"https:\/\/bobvarela.com\/wp-content\/uploads\/2024\/10\/IMG_0632-2.jpg\"><img loading=\"lazy\" decoding=\"async\" width=\"244\" height=\"164\" title=\"IMG_0632-2\" style=\"margin: 0px; display: inline; background-image: none;\" alt=\"IMG_0632-2\" src=\"https:\/\/bobvarela.com\/wp-content\/uploads\/2024\/10\/IMG_0632-2_thumb.jpg\" border=\"0\"\/><\/a><a href=\"https:\/\/bobvarela.com\/wp-content\/uploads\/2024\/10\/IMG_0619-2.jpg\"><img loading=\"lazy\" decoding=\"async\" width=\"244\" height=\"164\" title=\"IMG_0619-2\" style=\"margin: 0px; display: inline; background-image: none;\" alt=\"IMG_0619-2\" src=\"https:\/\/bobvarela.com\/wp-content\/uploads\/2024\/10\/IMG_0619-2_thumb.jpg\" border=\"0\"\/><\/a><a href=\"https:\/\/bobvarela.com\/wp-content\/uploads\/2024\/10\/IMG_0629-2.jpg\"><img loading=\"lazy\" decoding=\"async\" width=\"244\" height=\"164\" title=\"IMG_0629-2\" style=\"display: inline; background-image: none;\" alt=\"IMG_0629-2\" src=\"https:\/\/bobvarela.com\/wp-content\/uploads\/2024\/10\/IMG_0629-2_thumb.jpg\" border=\"0\"\/><\/a><\/font><\/p>\n<p align=\"justify\"><font size=\"3\">Visionaria ejecutiva de la moda, Albania Rosario debut\u00f3 su colecci\u00f3n \u201c Childhood Nostalgia\u201d en Expo Moda Puerto Rico en el Centro de Eventos &amp; Convenciones.&nbsp; La visionaria empresaria dominicana regres\u00f3 a Puerto Rico despu\u00e9s de 20 a\u00f1os al lugar donde vivi\u00f3 experiencias inolvidables de su ni\u00f1ez.&nbsp; Cuando su avi\u00f3n descendi\u00f3 en San Juan, miraba por la ventanilla viendo los edificios, el paisaje y el mar, no pudo evitar las emociones encontradas&#8230; La triunfante mujer de negocios ha recibido una multitud de premios y halagos por su desempe\u00f1o como fundadora y directora de la Federaci\u00f3n de Dise\u00f1adores de Latinoam\u00e9rica FDLA en la ciudad de New York. <\/font><\/p>\n<p align=\"justify\"><font size=\"3\">\u201cChildhood Nostalgia\u201d, marca un antes y un despu\u00e9s para la marca Nothing 2 Wear Concept.&nbsp; Por primera vez esta incluye una explosi\u00f3n de colores inspirados en la ni\u00f1ez de Rosario, caramelos, la brisa y el mar.&nbsp;&nbsp; Esta colecci\u00f3n de estilo resort incluye piezas livianas, pr\u00e1cticas y modernas hechas en las m\u00e1s finas telas org\u00e1nicas, seda, algod\u00f3n y otros.&nbsp; Con enfoque en una silueta muy femenina, esta tambi\u00e9n incluye piezas sin g\u00e9nero para todos.<\/font><\/p>\n<p align=\"justify\"><font size=\"3\">Durante la presentaci\u00f3n en Expo Moda Puerto Rico, se present\u00f3 un montaje audiovisual de momentos de la ni\u00f1ez de Rosario, el cual incluy\u00f3 los juegos que practicaba con sus amiguitos en el entorno escolar, la m\u00fasica que escuchaba, dibujos animados etc.&nbsp; Esta presentaci\u00f3n transport\u00f3 a los presentes a tiempos llenos de inocencia y nostalgia.<\/font><\/p>\n<p align=\"justify\"><font size=\"3\">Enfoc\u00e1ndose en el medio ambiente y cero desperdicios, esta colecci\u00f3n es lograda a trav\u00e9s de Resonance con la asistencia de ONE, una plataforma tecnol\u00f3gica que permite la sostenibilidad y las ganancias de las marcas de moda. Cada prenda vendida no existe hasta que se compra.&nbsp; Esta colecci\u00f3n ya est\u00e1 disponible en: <a href=\"https:\/\/shopventanas.com\/collections\/nothing-2-wear-concept\"><font size=\"3\">Nothing 2 Wear Concept \u2013 Ventanas <\/font><\/a><\/font><\/p>\n<p><\/b><\/p>\n<p align=\"justify\"><b>ngg_shortcode_0_placeholder<\/b><\/p>\n","protected":false},"excerpt":{"rendered":"<p>Visionaria ejecutiva de la moda, Albania Rosario debut\u00f3 su colecci\u00f3n \u201c Childhood Nostalgia\u201d en Expo Moda Puerto Rico en el Centro de Eventos &amp; Convenciones.&nbsp; La visionaria empresaria dominicana regres\u00f3 a Puerto Rico despu\u00e9s de 20 a\u00f1os al lugar donde&hellip;<\/p>\n<p class=\"more-link-p\"><a class=\"more-link\" href=\"https:\/\/bobvarela.com\/?p=163895\">Read more &rarr;<\/a><\/p>\n","protected":false},"author":1,"featured_media":0,"comment_status":"open","ping_status":"open","sticky":false,"template":"","format":"standard","meta":{"ngg_post_thumbnail":0,"footnotes":""},"categories":[524,4],"tags":[],"class_list":["post-163895","post","type-post","status-publish","format-standard","hentry","category-expomoda","category-moda"],"_links":{"self":[{"href":"https:\/\/bobvarela.com\/index.php?rest_route=\/wp\/v2\/posts\/163895","targetHints":{"allow":["GET"]}}],"collection":[{"href":"https:\/\/bobvarela.com\/index.php?rest_route=\/wp\/v2\/posts"}],"about":[{"href":"https:\/\/bobvarela.com\/index.php?rest_route=\/wp\/v2\/types\/post"}],"author":[{"embeddable":true,"href":"https:\/\/bobvarela.com\/index.php?rest_route=\/wp\/v2\/users\/1"}],"replies":[{"embeddable":true,"href":"https:\/\/bobvarela.com\/index.php?rest_route=%2Fwp%2Fv2%2Fcomments&post=163895"}],"version-history":[{"count":2,"href":"https:\/\/bobvarela.com\/index.php?rest_route=\/wp\/v2\/posts\/163895\/revisions"}],"predecessor-version":[{"id":163903,"href":"https:\/\/bobvarela.com\/index.php?rest_route=\/wp\/v2\/posts\/163895\/revisions\/163903"}],"wp:attachment":[{"href":"https:\/\/bobvarela.com\/index.php?rest_route=%2Fwp%2Fv2%2Fmedia&parent=163895"}],"wp:term":[{"taxonomy":"category","embeddable":true,"href":"https:\/\/bobvarela.com\/index.php?rest_route=%2Fwp%2Fv2%2Fcategories&post=163895"},{"taxonomy":"post_tag","embeddable":true,"href":"https:\/\/bobvarela.com\/index.php?rest_route=%2Fwp%2Fv2%2Ftags&post=163895"}],"curies":[{"name":"wp","href":"https:\/\/api.w.org\/{rel}","templated":true}]}}