{"id":16413,"date":"2011-08-08T21:35:26","date_gmt":"2011-08-09T01:35:26","guid":{"rendered":"https:\/\/bobvarela.com\/?p=16413"},"modified":"2011-08-08T21:37:49","modified_gmt":"2011-08-09T01:37:49","slug":"con-las-manos-llenas-de-reconocimientos-giovanni-scutaro","status":"publish","type":"post","link":"https:\/\/bobvarela.com\/?p=16413","title":{"rendered":"CON LAS MANOS LLENAS DE RECONOCIMIENTOS Giovanni Scutaro"},"content":{"rendered":"<p align=\"justify\"><font size=\"5\">Giovanni Scutaro dise\u00f1ador de calibre internacional que participar\u00e1 en la pr\u00f3xima temporada del<\/font><\/p>\n<p align=\"center\"><b><font size=\"5\">Puerto Rico High Fashion Week<\/font><\/b><b><i><\/i><\/b><\/p>\n<h6 align=\"justify\"><font size=\"3\"><\/font><\/h6>\n<h6 align=\"justify\"><font size=\"3\"><\/font><\/h6>\n<h6 align=\"justify\"><font size=\"3\">San Juan, Puerto Rico \u2013 <\/font><a name=\"_GoBack\"><\/a><font size=\"3\">27 de julio de 2011 \u2013 El dise\u00f1ador \u00edtalo-venezolano Giovanni Scutaro, quien recientemente realiz\u00f3 una presentaci\u00f3n magistral en el <i>Caribbean Fashion Week<\/i> (CFW) en Santo Domingo, recibi\u00f3 el pasado 25 de mayo en la capital del estado de Yucat\u00e1n, M\u00e9xico, las Llaves de la Ciudad, premio otorgado de la mano de las autoridades del estado donde se le reconoci\u00f3 por su compromiso en apoyar a la Fundaci\u00f3n contra el VIH \u201cPAX\u201d, adem\u00e1s de su trayectoria profesional en el mundo de la moda.<\/font><\/h6>\n<p align=\"justify\">&#160;<\/p>\n<p align=\"center\"><font size=\"3\"><strong>Fotos de <i>Caribbean Fashion Week (CFW)<\/i><\/strong><\/font><\/p>\n<p align=\"justify\"><a href=\"https:\/\/bobvarela.com\/wp-content\/uploads\/2011\/08\/CFW-SCUTARO.jpg\"><img loading=\"lazy\" decoding=\"async\" style=\"background-image: none; border-right-width: 0px; padding-left: 0px; padding-right: 0px; display: inline; border-top-width: 0px; border-bottom-width: 0px; border-left-width: 0px; padding-top: 0px\" title=\"CFW-SCUTARO\" border=\"0\" alt=\"CFW-SCUTARO\" src=\"https:\/\/bobvarela.com\/wp-content\/uploads\/2011\/08\/CFW-SCUTARO_thumb.jpg\" width=\"122\" height=\"184\" \/><\/a><a href=\"https:\/\/bobvarela.com\/wp-content\/uploads\/2011\/08\/CFW-SCUTARO-2.jpg\"><img loading=\"lazy\" decoding=\"async\" style=\"background-image: none; border-bottom: 0px; border-left: 0px; margin: 0px; padding-left: 0px; padding-right: 0px; display: inline; border-top: 0px; border-right: 0px; padding-top: 0px\" title=\"CFW-SCUTARO-2\" border=\"0\" alt=\"CFW-SCUTARO-2\" src=\"https:\/\/bobvarela.com\/wp-content\/uploads\/2011\/08\/CFW-SCUTARO-2_thumb.jpg\" width=\"114\" height=\"184\" \/><\/a><a href=\"https:\/\/bobvarela.com\/wp-content\/uploads\/2011\/08\/CFW-SCUTARO-6.jpg\"><img loading=\"lazy\" decoding=\"async\" style=\"background-image: none; border-bottom: 0px; border-left: 0px; margin: 0px; padding-left: 0px; padding-right: 0px; display: inline; border-top: 0px; border-right: 0px; padding-top: 0px\" title=\"CFW-SCUTARO-6\" border=\"0\" alt=\"CFW-SCUTARO-6\" src=\"https:\/\/bobvarela.com\/wp-content\/uploads\/2011\/08\/CFW-SCUTARO-6_thumb.jpg\" width=\"122\" height=\"184\" \/><\/a><a href=\"https:\/\/bobvarela.com\/wp-content\/uploads\/2011\/08\/CFW-SCUTARO-7.jpg\"><img loading=\"lazy\" decoding=\"async\" style=\"background-image: none; border-bottom: 0px; border-left: 0px; margin: 0px; padding-left: 0px; padding-right: 0px; display: inline; border-top: 0px; border-right: 0px; padding-top: 0px\" title=\"CFW-SCUTARO-7\" border=\"0\" alt=\"CFW-SCUTARO-7\" src=\"https:\/\/bobvarela.com\/wp-content\/uploads\/2011\/08\/CFW-SCUTARO-7_thumb.jpg\" width=\"122\" height=\"184\" \/><\/a><a href=\"https:\/\/bobvarela.com\/wp-content\/uploads\/2011\/08\/CFW-SCUTARO-3.jpg\"><img loading=\"lazy\" decoding=\"async\" style=\"background-image: none; border-right-width: 0px; padding-left: 0px; padding-right: 0px; display: inline; border-top-width: 0px; border-bottom-width: 0px; border-left-width: 0px; padding-top: 0px\" title=\"CFW-SCUTARO-3\" border=\"0\" alt=\"CFW-SCUTARO-3\" src=\"https:\/\/bobvarela.com\/wp-content\/uploads\/2011\/08\/CFW-SCUTARO-3_thumb.jpg\" width=\"119\" height=\"184\" \/><\/a><a href=\"https:\/\/bobvarela.com\/wp-content\/uploads\/2011\/08\/CFW-SCUTARO-5.jpg\"><img loading=\"lazy\" decoding=\"async\" style=\"background-image: none; border-bottom: 0px; border-left: 0px; padding-left: 0px; padding-right: 0px; display: block; float: none; margin-left: auto; border-top: 0px; margin-right: auto; border-right: 0px; padding-top: 0px\" title=\"CFW-SCUTARO-5\" border=\"0\" alt=\"CFW-SCUTARO-5\" src=\"https:\/\/bobvarela.com\/wp-content\/uploads\/2011\/08\/CFW-SCUTARO-5_thumb.jpg\" width=\"339\" height=\"224\" \/><\/a><\/p>\n<p align=\"justify\"><font size=\"3\">La aportaci\u00f3n de Scutaro se concretiz\u00f3 en el marco de la <b>Pasarela Internacional por la Paz Mundial<\/b>, a beneficio de la Fundaci\u00f3n PAX, que tuvo como objetivo conseguir fondos para abastecer el albergue ubicado en las afueras de la ciudad de M\u00e9rida (Yucat\u00e1n).<\/font><\/p>\n<p align=\"center\"><b><font size=\"3\">Pasarela Internacional por la Paz Mundial en M\u00e9xico <\/font><\/b><\/p>\n<p align=\"justify\"><a href=\"https:\/\/bobvarela.com\/wp-content\/uploads\/2011\/08\/PASARELA-GS-MEXICO-3.jpg\"><\/a><a href=\"https:\/\/bobvarela.com\/wp-content\/uploads\/2011\/08\/PASARELA-GS-MEXICO-3.jpg\"><img loading=\"lazy\" decoding=\"async\" style=\"background-image: none; border-right-width: 0px; padding-left: 0px; padding-right: 0px; display: inline; border-top-width: 0px; border-bottom-width: 0px; border-left-width: 0px; padding-top: 0px\" title=\"PASARELA GS-MEXICO-2\" border=\"0\" alt=\"PASARELA GS-MEXICO-2\" src=\"https:\/\/bobvarela.com\/wp-content\/uploads\/2011\/08\/PASARELA-GS-MEXICO-2_thumb.jpg\" width=\"124\" height=\"184\" \/><\/a><img loading=\"lazy\" decoding=\"async\" style=\"background-image: none; border-bottom: 0px; border-left: 0px; margin: 0px; padding-left: 0px; padding-right: 0px; display: inline; border-top: 0px; border-right: 0px; padding-top: 0px\" title=\"PASARELA GS-MEXICO-5\" border=\"0\" alt=\"PASARELA GS-MEXICO-5\" src=\"https:\/\/bobvarela.com\/wp-content\/uploads\/2011\/08\/PASARELA-GS-MEXICO-5_thumb.jpg\" width=\"124\" height=\"184\" \/><a href=\"https:\/\/bobvarela.com\/wp-content\/uploads\/2011\/08\/PASARELA-GS-MEXICO-3.jpg\"><img loading=\"lazy\" decoding=\"async\" style=\"background-image: none; border-right-width: 0px; padding-left: 0px; padding-right: 0px; display: inline; border-top-width: 0px; border-bottom-width: 0px; border-left-width: 0px; padding-top: 0px\" title=\"PASARELA GS-MEXICO-4\" border=\"0\" alt=\"PASARELA GS-MEXICO-4\" src=\"https:\/\/bobvarela.com\/wp-content\/uploads\/2011\/08\/PASARELA-GS-MEXICO-4_thumb.jpg\" width=\"124\" height=\"184\" \/><\/a><img loading=\"lazy\" decoding=\"async\" style=\"background-image: none; border-bottom: 0px; border-left: 0px; padding-left: 0px; padding-right: 0px; display: inline; border-top: 0px; border-right: 0px; padding-top: 0px\" title=\"PASARELA GS-MEXICO-3\" border=\"0\" alt=\"PASARELA GS-MEXICO-3\" src=\"https:\/\/bobvarela.com\/wp-content\/uploads\/2011\/08\/PASARELA-GS-MEXICO-3_thumb.jpg\" width=\"124\" height=\"184\" \/><a href=\"https:\/\/bobvarela.com\/wp-content\/uploads\/2011\/08\/PASARELA-GS-MEXICO-3.jpg\"><img loading=\"lazy\" decoding=\"async\" style=\"background-image: none; border-right-width: 0px; padding-left: 0px; padding-right: 0px; display: inline; border-top-width: 0px; border-bottom-width: 0px; border-left-width: 0px; padding-top: 0px\" title=\"PASARELA GS-MEXICO-6\" border=\"0\" alt=\"PASARELA GS-MEXICO-6\" src=\"https:\/\/bobvarela.com\/wp-content\/uploads\/2011\/08\/PASARELA-GS-MEXICO-6_thumb.jpg\" width=\"124\" height=\"184\" \/><\/a><\/p>\n<p align=\"justify\"><font size=\"3\">De otra parte, este destacado dise\u00f1ador recibi\u00f3 el <i>Miami Beach International Fashion Week 2011: Excellence in Eveningwear Award<\/i>. Scutaro, quien ha recibido un gran n\u00famero de reconocimientos en su larga trayectoria de m\u00e1s de 20 a\u00f1os tanto en Europa como en Am\u00e9rica Latina, manifest\u00f3 agradecimiento por los reconocimientos recibidos y sostuvo que estar\u00e1 participando con la misma pasi\u00f3n en el <i>Puerto Rico High Fashion Week<\/i> (PRHFW).<\/font><\/p>\n<p align=\"justify\"><a href=\"https:\/\/bobvarela.com\/wp-content\/uploads\/2011\/08\/GIOVANNI-SCUTARO.jpg\"><img loading=\"lazy\" decoding=\"async\" style=\"background-image: none; border-right-width: 0px; padding-left: 0px; padding-right: 0px; display: inline; border-top-width: 0px; border-bottom-width: 0px; border-left-width: 0px; padding-top: 0px\" title=\"GIOVANNI SCUTARO\" border=\"0\" alt=\"GIOVANNI SCUTARO\" src=\"https:\/\/bobvarela.com\/wp-content\/uploads\/2011\/08\/GIOVANNI-SCUTARO_thumb.jpg\" width=\"124\" height=\"184\" \/><\/a><a href=\"https:\/\/bobvarela.com\/wp-content\/uploads\/2011\/08\/GIOVANNI-SCUTARO-BN-1.jpg\"><img loading=\"lazy\" decoding=\"async\" style=\"background-image: none; border-right-width: 0px; padding-left: 0px; padding-right: 0px; display: inline; border-top-width: 0px; border-bottom-width: 0px; border-left-width: 0px; padding-top: 0px\" title=\"GIOVANNI SCUTARO-BN-1\" border=\"0\" alt=\"GIOVANNI SCUTARO-BN-1\" src=\"https:\/\/bobvarela.com\/wp-content\/uploads\/2011\/08\/GIOVANNI-SCUTARO-BN-1_thumb.jpg\" width=\"123\" height=\"184\" \/><\/a><a href=\"https:\/\/bobvarela.com\/wp-content\/uploads\/2011\/08\/SCUTARO-CON-PREMIO-MIAMI.jpg\"><img loading=\"lazy\" decoding=\"async\" style=\"background-image: none; border-right-width: 0px; padding-left: 0px; padding-right: 0px; display: inline; border-top-width: 0px; border-bottom-width: 0px; border-left-width: 0px; padding-top: 0px\" title=\"SCUTARO CON PREMIO-MIAMI\" border=\"0\" alt=\"SCUTARO CON PREMIO-MIAMI\" src=\"https:\/\/bobvarela.com\/wp-content\/uploads\/2011\/08\/SCUTARO-CON-PREMIO-MIAMI_thumb.jpg\" width=\"124\" height=\"184\" \/><\/a><a href=\"https:\/\/bobvarela.com\/wp-content\/uploads\/2011\/08\/PREMIO-MIAMI.jpg\"><img loading=\"lazy\" decoding=\"async\" style=\"background-image: none; border-right-width: 0px; padding-left: 0px; padding-right: 0px; display: inline; border-top-width: 0px; border-bottom-width: 0px; border-left-width: 0px; padding-top: 0px\" title=\"PREMIO-MIAMI\" border=\"0\" alt=\"PREMIO-MIAMI\" src=\"https:\/\/bobvarela.com\/wp-content\/uploads\/2011\/08\/PREMIO-MIAMI_thumb.jpg\" width=\"246\" height=\"184\" \/><\/a><\/p>\n<p align=\"justify\"><font size=\"3\">Por su parte, Caridad Fern\u00e1ndez, presidenta del PRHFW, se\u00f1al\u00f3 que \u201cla Junta del evento nacional de la moda avala dichos reconocimiento entendiendo que Giovanni Scutaro es un dise\u00f1ador de primera. Sabemos que su participaci\u00f3n en la Isla tambi\u00e9n ser\u00e1 una destacada. Scutaro no s\u00f3lo es una estrella en la pasarela, tambi\u00e9n es un gran ser humano y eso le ha sido recompensado con creces en su s\u00f3lida carrera.\u201d<\/font><\/p>\n<p align=\"center\"><font size=\"3\"><strong>Desfile&#160; a\u00f1o pasado en <em>Puerto Rico High Fashion Week<\/em><\/strong><\/font><\/p>\n<p align=\"justify\"><a href=\"https:\/\/bobvarela.com\/wp-content\/uploads\/2011\/08\/IMG_0481.jpg\"><img loading=\"lazy\" decoding=\"async\" style=\"background-image: none; border-bottom: 0px; border-left: 0px; margin: 0px; padding-left: 0px; padding-right: 0px; display: inline; border-top: 0px; border-right: 0px; padding-top: 0px\" title=\"IMG_0481\" border=\"0\" alt=\"IMG_0481\" src=\"https:\/\/bobvarela.com\/wp-content\/uploads\/2011\/08\/IMG_0481_thumb.jpg\" width=\"124\" height=\"184\" \/><\/a><a href=\"https:\/\/bobvarela.com\/wp-content\/uploads\/2011\/08\/IMG_0499.jpg\"><img loading=\"lazy\" decoding=\"async\" style=\"background-image: none; border-bottom: 0px; border-left: 0px; margin: 0px; padding-left: 0px; padding-right: 0px; display: inline; border-top: 0px; border-right: 0px; padding-top: 0px\" title=\"IMG_0499\" border=\"0\" alt=\"IMG_0499\" src=\"https:\/\/bobvarela.com\/wp-content\/uploads\/2011\/08\/IMG_0499_thumb.jpg\" width=\"124\" height=\"184\" \/><\/a><a href=\"https:\/\/bobvarela.com\/wp-content\/uploads\/2011\/08\/IMG_0542.jpg\"><img loading=\"lazy\" decoding=\"async\" style=\"background-image: none; border-bottom: 0px; border-left: 0px; padding-left: 0px; padding-right: 0px; display: inline; border-top: 0px; border-right: 0px; padding-top: 0px\" title=\"IMG_0542\" border=\"0\" alt=\"IMG_0542\" src=\"https:\/\/bobvarela.com\/wp-content\/uploads\/2011\/08\/IMG_0542_thumb.jpg\" width=\"124\" height=\"183\" \/><\/a><a href=\"https:\/\/bobvarela.com\/wp-content\/uploads\/2011\/08\/IMG_0558.jpg\"><img loading=\"lazy\" decoding=\"async\" style=\"background-image: none; border-bottom: 0px; border-left: 0px; margin: 0px; padding-left: 0px; padding-right: 0px; display: inline; border-top: 0px; border-right: 0px; padding-top: 0px\" title=\"IMG_0558\" border=\"0\" alt=\"IMG_0558\" src=\"https:\/\/bobvarela.com\/wp-content\/uploads\/2011\/08\/IMG_0558_thumb.jpg\" width=\"124\" height=\"184\" \/><\/a><a href=\"https:\/\/bobvarela.com\/wp-content\/uploads\/2011\/08\/IMG_0646.jpg\"><img loading=\"lazy\" decoding=\"async\" style=\"background-image: none; border-right-width: 0px; padding-left: 0px; padding-right: 0px; display: inline; border-top-width: 0px; border-bottom-width: 0px; border-left-width: 0px; padding-top: 0px\" title=\"IMG_0646\" border=\"0\" alt=\"IMG_0646\" src=\"https:\/\/bobvarela.com\/wp-content\/uploads\/2011\/08\/IMG_0646_thumb.jpg\" width=\"124\" height=\"184\" \/><\/a><\/p>\n<p align=\"justify\"><font size=\"3\">El evento nacional de la moda contar\u00e1 adem\u00e1s con Jorge Duque de Colombia (ganador del <i>Project Runway Latin America<\/i>), el dise\u00f1ador emergente de Santo Domingo Miguel Genao (ganador del <i>Caribbean Fashion Week<\/i>) e Isabel Toledo de Cuba, quien obtuvo reconocimiento mundial por dise\u00f1ar el conjunto que Michelle Obama visti\u00f3 para la toma de posesi\u00f3n de su esposo. Adem\u00e1s, el PRHFW contar\u00e1 con los dise\u00f1adores de la Isla clasificados por categor\u00eda:<\/font><\/p>\n<p align=\"justify\"><font size=\"3\">\u00b7 <b><i>The Top <\/i><\/b>&#8211; David Antonio, Lisa Thon, John Dunn, Rub\u00e9n Dar\u00edo, Eddie Guerrero, Marta Negr\u00f3n y el puertorrique\u00f1o radicado en Par\u00eds Reinaldo \u00c1lvarez.<\/font><\/p>\n<p align=\"justify\"><font size=\"3\">\u00b7 <b><i>The Evolution<\/i><\/b> &#8211; Jaer Cab\u00e1n, Jos\u00e9 Ra\u00fal y la dise\u00f1adora boricua radicada en Nueva York Magalis Garc\u00eda.<\/font><\/p>\n<p align=\"justify\"><font size=\"3\">\u00b7 <b><i>The New Generation 2011<\/i><\/b> &#8211; Diana V\u00e1zquez, Edzel Giovanni, Reynaldo Jos\u00e9, H\u00e9ctor Omar, Ghabriello Fernando, Sof\u00eda Arana, Vanessa Avil\u00e9s, Richard Cotto, Jackie Tejada y Nicole de Jes\u00fas.<\/font><\/p>\n","protected":false},"excerpt":{"rendered":"<p>Giovanni Scutaro dise\u00f1ador de calibre internacional que participar\u00e1 en la pr\u00f3xima temporada del Puerto Rico High Fashion Week San Juan, Puerto Rico \u2013 27 de julio de 2011 \u2013 El dise\u00f1ador \u00edtalo-venezolano Giovanni Scutaro, quien recientemente realiz\u00f3 una presentaci\u00f3n magistral&hellip;<\/p>\n<p class=\"more-link-p\"><a class=\"more-link\" href=\"https:\/\/bobvarela.com\/?p=16413\">Read more &rarr;<\/a><\/p>\n","protected":false},"author":1,"featured_media":0,"comment_status":"open","ping_status":"open","sticky":false,"template":"","format":"standard","meta":{"ngg_post_thumbnail":0,"footnotes":""},"categories":[4,295],"tags":[187,30],"class_list":["post-16413","post","type-post","status-publish","format-standard","hentry","category-moda","category-puerto-rico","tag-giovanni-scutaro","tag-puerto-rico-high-fashion-week"],"_links":{"self":[{"href":"https:\/\/bobvarela.com\/index.php?rest_route=\/wp\/v2\/posts\/16413","targetHints":{"allow":["GET"]}}],"collection":[{"href":"https:\/\/bobvarela.com\/index.php?rest_route=\/wp\/v2\/posts"}],"about":[{"href":"https:\/\/bobvarela.com\/index.php?rest_route=\/wp\/v2\/types\/post"}],"author":[{"embeddable":true,"href":"https:\/\/bobvarela.com\/index.php?rest_route=\/wp\/v2\/users\/1"}],"replies":[{"embeddable":true,"href":"https:\/\/bobvarela.com\/index.php?rest_route=%2Fwp%2Fv2%2Fcomments&post=16413"}],"version-history":[{"count":1,"href":"https:\/\/bobvarela.com\/index.php?rest_route=\/wp\/v2\/posts\/16413\/revisions"}],"predecessor-version":[{"id":16414,"href":"https:\/\/bobvarela.com\/index.php?rest_route=\/wp\/v2\/posts\/16413\/revisions\/16414"}],"wp:attachment":[{"href":"https:\/\/bobvarela.com\/index.php?rest_route=%2Fwp%2Fv2%2Fmedia&parent=16413"}],"wp:term":[{"taxonomy":"category","embeddable":true,"href":"https:\/\/bobvarela.com\/index.php?rest_route=%2Fwp%2Fv2%2Fcategories&post=16413"},{"taxonomy":"post_tag","embeddable":true,"href":"https:\/\/bobvarela.com\/index.php?rest_route=%2Fwp%2Fv2%2Ftags&post=16413"}],"curies":[{"name":"wp","href":"https:\/\/api.w.org\/{rel}","templated":true}]}}