{"id":164260,"date":"2024-10-19T10:04:39","date_gmt":"2024-10-19T14:04:39","guid":{"rendered":"https:\/\/bobvarela.com\/?p=164260"},"modified":"2024-10-19T10:04:39","modified_gmt":"2024-10-19T14:04:39","slug":"primavera-verano-2025-just-stella-de-la-diseadora-stella-nolasco","status":"publish","type":"post","link":"https:\/\/bobvarela.com\/?p=164260","title":{"rendered":"Primavera-Verano 2025 Just Stella de la Dise&ntilde;adora Stella Nolasco"},"content":{"rendered":"<p align=\"center\"><font size=\"3\"><a href=\"https:\/\/bobvarela.com\/wp-content\/uploads\/2024\/10\/IMG_2778.jpg\"><img loading=\"lazy\" decoding=\"async\" width=\"385\" height=\"275\" title=\"IMG_2778\" style=\"display: inline; background-image: none;\" alt=\"IMG_2778\" src=\"https:\/\/bobvarela.com\/wp-content\/uploads\/2024\/10\/IMG_2778_thumb.jpg\" border=\"0\"\/><\/a><\/font><\/p>\n<p align=\"justify\"><font size=\"3\">La reconocida dise\u00f1adora de moda, Stella Nolasco, presentl\u00f3 su m\u00e1s reciente colecci\u00f3n para la Primavera \/ Verano 2025 titulada \u201cJust Stella\u201d. El pase de moda se llev\u00f3 a cabo el 17 de octubre de 2024, en el sal\u00f3n San Ger\u00f3nimo del Hotel Caribe Hilton,&nbsp; Este evento, cargado de estilo y creatividad fue en su totalidad a beneficio de la Fundaci\u00f3n Alas a la Mujer. De esta manera, la dise\u00f1adora reafirma su compromiso con las causas sociales.<br \/>\u201cEn la colecci\u00f3n &#8220;Just Stella&#8221; se destaca un aire juvenil y divertido, donde incorporo estampados de l\u00edneas y rayas que reflejan una est\u00e9tica fresca y moderna\u201d, expres\u00f3 Nolasco. &#8220;He jugado mucho con los estampados creando piezas que se adaptan tanto al d\u00eda como a la noche&#8221;, comenta Stella sobre su proceso creativo. La dise\u00f1adora tambi\u00e9n se\u00f1alo que esta es su colecci\u00f3n m\u00e1s vers\u00e1til hasta la fecha, ofreciendo una amplia variedad de opciones para combinar y mezclar las piezas de vestir.<br \/>Una de las caracter\u00edsticas m\u00e1s emocionantes de esta nueva l\u00ednea \u201cJust Stella\u201d es la colaboraci\u00f3n con el talentoso y joven artista puertorrique\u00f1o, Carlos Alfredo, quien ha creado un estampado en tela exclusiva para esta colecci\u00f3n. &#8220;Ha sido la primera vez que colaboro con un artista para el dise\u00f1o de un estampado y estoy muy emocionada por el resultado final&#8221;, destac\u00f3 la dise\u00f1adora de moda.<\/font><\/p>\n<p align=\"justify\"><font size=\"3\">\u201cJust Stella&#8221; se ha confeccionado y supervisado entre Puerto Rico y la isla de Bali, en Indonesia, por la dise\u00f1adora manteniendo el esp\u00edritu internacional que caracteriza a la marca Nolasco. Adem\u00e1s, la colecci\u00f3n cuenta con una exquisita selecci\u00f3n de accesorios, como carteras dise\u00f1adas especialmente para esta l\u00ednea, as\u00ed como piezas con detalles de pedrer\u00eda y plumas, que pueden combinarse con faldas largas para un \u201clook\u201d de gala o con mahones para un estilo m\u00e1s casual. Todo esto, utilizando telas naturales como el algod\u00f3n, que aportan frescura y comodidad. Cabe destacar, que el peinado y maquillaje de las modelos para la pasarela estuvo a cargo del afamado estilista Christopher Feliciano.<\/font><\/p>\n<p align=\"justify\">ngg_shortcode_0_placeholder<\/p>\n","protected":false},"excerpt":{"rendered":"<p>La reconocida dise\u00f1adora de moda, Stella Nolasco, presentl\u00f3 su m\u00e1s reciente colecci\u00f3n para la Primavera \/ Verano 2025 titulada \u201cJust Stella\u201d. El pase de moda se llev\u00f3 a cabo el 17 de octubre de 2024, en el sal\u00f3n San Ger\u00f3nimo&hellip;<\/p>\n<p class=\"more-link-p\"><a class=\"more-link\" href=\"https:\/\/bobvarela.com\/?p=164260\">Read more &rarr;<\/a><\/p>\n","protected":false},"author":1,"featured_media":0,"comment_status":"open","ping_status":"open","sticky":false,"template":"","format":"standard","meta":{"ngg_post_thumbnail":0,"footnotes":""},"categories":[4,295],"tags":[],"class_list":["post-164260","post","type-post","status-publish","format-standard","hentry","category-moda","category-puerto-rico"],"_links":{"self":[{"href":"https:\/\/bobvarela.com\/index.php?rest_route=\/wp\/v2\/posts\/164260","targetHints":{"allow":["GET"]}}],"collection":[{"href":"https:\/\/bobvarela.com\/index.php?rest_route=\/wp\/v2\/posts"}],"about":[{"href":"https:\/\/bobvarela.com\/index.php?rest_route=\/wp\/v2\/types\/post"}],"author":[{"embeddable":true,"href":"https:\/\/bobvarela.com\/index.php?rest_route=\/wp\/v2\/users\/1"}],"replies":[{"embeddable":true,"href":"https:\/\/bobvarela.com\/index.php?rest_route=%2Fwp%2Fv2%2Fcomments&post=164260"}],"version-history":[{"count":1,"href":"https:\/\/bobvarela.com\/index.php?rest_route=\/wp\/v2\/posts\/164260\/revisions"}],"predecessor-version":[{"id":164261,"href":"https:\/\/bobvarela.com\/index.php?rest_route=\/wp\/v2\/posts\/164260\/revisions\/164261"}],"wp:attachment":[{"href":"https:\/\/bobvarela.com\/index.php?rest_route=%2Fwp%2Fv2%2Fmedia&parent=164260"}],"wp:term":[{"taxonomy":"category","embeddable":true,"href":"https:\/\/bobvarela.com\/index.php?rest_route=%2Fwp%2Fv2%2Fcategories&post=164260"},{"taxonomy":"post_tag","embeddable":true,"href":"https:\/\/bobvarela.com\/index.php?rest_route=%2Fwp%2Fv2%2Ftags&post=164260"}],"curies":[{"name":"wp","href":"https:\/\/api.w.org\/{rel}","templated":true}]}}