{"id":16429,"date":"2011-08-10T19:33:00","date_gmt":"2011-08-10T23:33:00","guid":{"rendered":"https:\/\/bobvarela.com\/?p=16429"},"modified":"2011-08-10T19:40:30","modified_gmt":"2011-08-10T23:40:30","slug":"ganador-del-project-runway-latin-america-participar-en-el-evento-nacional-de-la-moda","status":"publish","type":"post","link":"https:\/\/bobvarela.com\/?p=16429","title":{"rendered":"GANAdOR DEL PROJECT RUNWAY LATIN AMERICA PARTICIPAR&Aacute; EN EL EVENTO NACIONAL DE LA MODA"},"content":{"rendered":"<p align=\"justify\"><i><font size=\"3\"><\/font><\/i><\/p>\n<div>\n<table border=\"0\" cellspacing=\"0\" cellpadding=\"2\" width=\"644\">\n<tbody>\n<tr>\n<td valign=\"top\" width=\"159\"><a href=\"https:\/\/bobvarela.com\/wp-content\/uploads\/2011\/08\/JORGE-DUQUE-OFICIAL.png\"><img loading=\"lazy\" decoding=\"async\" style=\"background-image: none; border-bottom: 0px; border-left: 0px; padding-left: 0px; padding-right: 0px; display: inline; border-top: 0px; border-right: 0px; padding-top: 0px\" title=\"JORGE DUQUE-OFICIAL\" border=\"0\" alt=\"JORGE DUQUE-OFICIAL\" src=\"https:\/\/bobvarela.com\/wp-content\/uploads\/2011\/08\/JORGE-DUQUE-OFICIAL_thumb.png\" width=\"180\" height=\"300\" \/><\/a><\/td>\n<td valign=\"top\" width=\"483\">\n<p align=\"justify\"><i><font size=\"3\">El ganador de la primera edici\u00f3n del Project Runway Latin America, Jorge Duque, se alista para representar a su natal Colombia en el Puerto Rico High Fashion Week a celebrarse del 28 de septiembre al 1 de octubre en el Centro de Convenciones Pedro Rossell\u00f3. <\/font><\/i><\/p>\n<p align=\"justify\"><font size=\"3\">San Juan, Puerto Rico \u2013 <\/font><a name=\"_GoBack\"><\/a><font size=\"3\">3 de agosto de 2011 \u2013 Luego de ser consagrado como el ganador de la primera edici\u00f3n del <i>Project Runway Latin America<\/i> (PRLA), Jorge Duque, colombiano autodidacta en dise\u00f1o de modas con \u00e9nfasis en vestidos de noche, <i>cocktail<\/i> y novias, se prepara para presentar su colecci\u00f3n en el <i>Puerto Rico High Fashion Week<b> <\/b><\/i>(PRHFW) como cortes\u00eda de Mastercard.<\/font><\/p>\n<\/td>\n<\/tr>\n<\/tbody>\n<\/table><\/div>\n<p align=\"justify\">5 fotograf\u00edas cortes\u00eda de <a href=\"https:\/\/www.modaelgrifo.com\">www.modaelgrifo.com<\/a> de la reciente pasarela de Jorge Duque en el marco del d\u00eda de cierre en Colombiamoda 2011, de&#160; Diana Urrego de Quarto Ficticio <a href=\"https:\/\/www.wix.com\/quartoficticio\/portafolioqf\">www.wix.com\/quartoficticio\/portafolioqf<\/a><\/p>\n<p align=\"justify\"><font size=\"3\"><a href=\"https:\/\/bobvarela.com\/wp-content\/uploads\/2011\/08\/img_7543.jpg\"><img loading=\"lazy\" decoding=\"async\" style=\"background-image: none; border-right-width: 0px; padding-left: 0px; padding-right: 0px; display: inline; border-top-width: 0px; border-bottom-width: 0px; border-left-width: 0px; padding-top: 0px\" title=\"img_7543\" border=\"0\" alt=\"img_7543\" src=\"https:\/\/bobvarela.com\/wp-content\/uploads\/2011\/08\/img_7543_thumb.jpg\" width=\"124\" height=\"183\" \/><\/a><a href=\"https:\/\/bobvarela.com\/wp-content\/uploads\/2011\/08\/img_7522.jpg\"><img loading=\"lazy\" decoding=\"async\" style=\"background-image: none; border-right-width: 0px; padding-left: 0px; padding-right: 0px; display: inline; border-top-width: 0px; border-bottom-width: 0px; border-left-width: 0px; padding-top: 0px\" title=\"img_7522\" border=\"0\" alt=\"img_7522\" src=\"https:\/\/bobvarela.com\/wp-content\/uploads\/2011\/08\/img_7522_thumb.jpg\" width=\"124\" height=\"183\" \/><\/a><a href=\"https:\/\/bobvarela.com\/wp-content\/uploads\/2011\/08\/img_7486.jpg\"><img loading=\"lazy\" decoding=\"async\" style=\"background-image: none; border-right-width: 0px; padding-left: 0px; padding-right: 0px; display: inline; border-top-width: 0px; border-bottom-width: 0px; border-left-width: 0px; padding-top: 0px\" title=\"img_7486\" border=\"0\" alt=\"img_7486\" src=\"https:\/\/bobvarela.com\/wp-content\/uploads\/2011\/08\/img_7486_thumb.jpg\" width=\"124\" height=\"183\" \/><\/a><a href=\"https:\/\/bobvarela.com\/wp-content\/uploads\/2011\/08\/img_7441.jpg\"><img loading=\"lazy\" decoding=\"async\" style=\"background-image: none; border-right-width: 0px; padding-left: 0px; padding-right: 0px; display: inline; border-top-width: 0px; border-bottom-width: 0px; border-left-width: 0px; padding-top: 0px\" title=\"img_7441\" border=\"0\" alt=\"img_7441\" src=\"https:\/\/bobvarela.com\/wp-content\/uploads\/2011\/08\/img_7441_thumb.jpg\" width=\"124\" height=\"183\" \/><\/a><a href=\"https:\/\/bobvarela.com\/wp-content\/uploads\/2011\/08\/img_7498.jpg\"><img loading=\"lazy\" decoding=\"async\" style=\"background-image: none; border-right-width: 0px; padding-left: 0px; padding-right: 0px; display: inline; border-top-width: 0px; border-bottom-width: 0px; border-left-width: 0px; padding-top: 0px\" title=\"img_7498\" border=\"0\" alt=\"img_7498\" src=\"https:\/\/bobvarela.com\/wp-content\/uploads\/2011\/08\/img_7498_thumb.jpg\" width=\"124\" height=\"183\" \/><\/a><\/font><\/p>\n<p align=\"justify\"><font size=\"3\">\u201cEn el PRHFW estamos a la expectativa de conocer personalmente a Duque y poder ser testigos de la creatividad que lo llev\u00f3 a salir airoso en tan importante competencia de modistos o, como se le denomin\u00f3, <i>contienda<\/i> <i>fashionista<\/i>. Es un joven con mucho talento y, con esa victoria, se ha validado como un dise\u00f1ador emergente que de seguro pondr\u00e1 en alto el nombre de Colombia y de todos los latinoamericanos.\u201d, se\u00f1al\u00f3 Caridad Fern\u00e1ndez, presidenta del PRHFW. En esa misma l\u00ednea, el equipo del PRLA se\u00f1al\u00f3 en su p\u00e1gina oficial que \u201cluego de tanto esfuerzo y perseverancia Jorge Duque logr\u00f3 crear una estupenda colecci\u00f3n que, junto a su trabajo durante todo el programa, lo llev\u00f3 a triunfar y coronarse como ganador de <i><a href=\"https:\/\/www.projectrunwayla.com\/novedades\/la-competencia-ya-tiene-su-ganador\/\"><u>\u201cProject Runway Latin America.\u201d<\/u><\/a><\/i>&#160;&#160;&#160; <\/font><font size=\"3\">En su trabajo de dise\u00f1o se destaca la confecci\u00f3n de vestidos de novia, vestuarios destinados al cine, teatro y televisi\u00f3n, vestidos de gala, noche y <i>cocktail<\/i>, prendas pret-a-porter, vestidos de ba\u00f1o y dise\u00f1o para hombres.<\/font> <\/p>\n<p><a href=\"https:\/\/bobvarela.com\/wp-content\/uploads\/2011\/08\/JORGE-DUQUE-EN-ATELIER.jpg\"><img loading=\"lazy\" decoding=\"async\" style=\"background-image: none; border-bottom: 0px; border-left: 0px; padding-left: 0px; padding-right: 0px; display: block; float: none; margin-left: auto; border-top: 0px; margin-right: auto; border-right: 0px; padding-top: 0px\" title=\"JORGE DUQUE EN ATELIER\" border=\"0\" alt=\"JORGE DUQUE EN ATELIER\" src=\"https:\/\/bobvarela.com\/wp-content\/uploads\/2011\/08\/JORGE-DUQUE-EN-ATELIER_thumb.jpg\" width=\"289\" height=\"175\" \/><\/a><\/p>\n<p align=\"justify\"><font size=\"3\">\u201cDefinitivamente, el novel dise\u00f1ador y propietario del Taller DuqueVelez demostr\u00f3 que es talentoso, responsable y un modisto muy creativo e innovador.\u201d, resalt\u00f3 Fern\u00e1ndez. De hecho, con su victoria el flamante ganador se hizo acreedor (entre otros premios) de 20 mil d\u00f3lares para comenzar su propia colecci\u00f3n y la oportunidad de presentar la misma en el <i>Puerto Rico High Fashion Week<\/i> y en el <i>DFashion de M\u00e9xico<\/i>.<\/font><\/p>\n<p align=\"justify\"><font size=\"3\">Duque se presentar\u00e1 en la pr\u00f3xima edici\u00f3n del PRHFW, calificado por la <i>Puerto Rico Hotel and Tourism Association<\/i><b> <\/b>como el evento de moda m\u00e1s importante que se celebra en la Isla porque re\u00fane lo mejor de la moda local e internacional. La pr\u00f3xima edici\u00f3n contar\u00e1 una variada carpeta de dise\u00f1adores de diferentes pa\u00edses. Entre estos se destacan: Giovanni Scutaro de Venezuela, Jorge Duque de Colombia, el dise\u00f1ador emergente de Santo Domingo Miguel Genao, Reinaldo \u00c1lvarez radicado en Par\u00eds, Magalis Garc\u00eda de Nueva York e Isabel Toledo de Cuba. Se a\u00f1ade a este men\u00fa <i>fashion<\/i> los dise\u00f1adores de la Isla clasificados por categor\u00eda:<\/font><\/p>\n<p align=\"justify\"><font size=\"3\">\u00b7 <b><i>The Top <\/i><\/b>&#8211; David Antonio, Lisa Thon, John Dunn, Rub\u00e9n Dar\u00edo, Eddie Guerrero, Marta Negr\u00f3n y el puertorrique\u00f1o radicado en Par\u00eds Reinaldo \u00c1lvarez.<\/font><\/p>\n<p align=\"justify\"><font size=\"3\">\u00b7 <b><i>The Evolution<\/i><\/b> &#8211; Jaer Cab\u00e1n, Jos\u00e9 Ra\u00fal y la dise\u00f1adora boricua radicada en Nueva York Magalis Garc\u00eda.<\/font><\/p>\n<p align=\"justify\"><font size=\"3\">\u00b7 <b><i>The New Generation 2011<\/i><\/b> &#8211; Diana V\u00e1zquez, Edzel Giovanni, Reynaldo Jos\u00e9, H\u00e9ctor Omar, Ghabriello Fernando, Sof\u00eda Arana, Vanessa Avil\u00e9s, Richard Cotto, Jackie Tejada y Nicole de Jes\u00fas.<\/font><\/p>\n","protected":false},"excerpt":{"rendered":"<p>El ganador de la primera edici\u00f3n del Project Runway Latin America, Jorge Duque, se alista para representar a su natal Colombia en el Puerto Rico High Fashion Week a celebrarse del 28 de septiembre al 1 de octubre en el&hellip;<\/p>\n<p class=\"more-link-p\"><a class=\"more-link\" href=\"https:\/\/bobvarela.com\/?p=16429\">Read more &rarr;<\/a><\/p>\n","protected":false},"author":1,"featured_media":0,"comment_status":"open","ping_status":"open","sticky":false,"template":"","format":"standard","meta":{"ngg_post_thumbnail":0,"footnotes":""},"categories":[4,295],"tags":[391,30],"class_list":["post-16429","post","type-post","status-publish","format-standard","hentry","category-moda","category-puerto-rico","tag-jorge-duque","tag-puerto-rico-high-fashion-week"],"_links":{"self":[{"href":"https:\/\/bobvarela.com\/index.php?rest_route=\/wp\/v2\/posts\/16429","targetHints":{"allow":["GET"]}}],"collection":[{"href":"https:\/\/bobvarela.com\/index.php?rest_route=\/wp\/v2\/posts"}],"about":[{"href":"https:\/\/bobvarela.com\/index.php?rest_route=\/wp\/v2\/types\/post"}],"author":[{"embeddable":true,"href":"https:\/\/bobvarela.com\/index.php?rest_route=\/wp\/v2\/users\/1"}],"replies":[{"embeddable":true,"href":"https:\/\/bobvarela.com\/index.php?rest_route=%2Fwp%2Fv2%2Fcomments&post=16429"}],"version-history":[{"count":2,"href":"https:\/\/bobvarela.com\/index.php?rest_route=\/wp\/v2\/posts\/16429\/revisions"}],"predecessor-version":[{"id":16431,"href":"https:\/\/bobvarela.com\/index.php?rest_route=\/wp\/v2\/posts\/16429\/revisions\/16431"}],"wp:attachment":[{"href":"https:\/\/bobvarela.com\/index.php?rest_route=%2Fwp%2Fv2%2Fmedia&parent=16429"}],"wp:term":[{"taxonomy":"category","embeddable":true,"href":"https:\/\/bobvarela.com\/index.php?rest_route=%2Fwp%2Fv2%2Fcategories&post=16429"},{"taxonomy":"post_tag","embeddable":true,"href":"https:\/\/bobvarela.com\/index.php?rest_route=%2Fwp%2Fv2%2Ftags&post=16429"}],"curies":[{"name":"wp","href":"https:\/\/api.w.org\/{rel}","templated":true}]}}