{"id":164676,"date":"2024-10-29T10:38:28","date_gmt":"2024-10-29T14:38:28","guid":{"rendered":"https:\/\/bobvarela.com\/?p=164676"},"modified":"2024-10-29T10:38:28","modified_gmt":"2024-10-29T14:38:28","slug":"desfile-de-kris-goyri-primavera-verano-2025","status":"publish","type":"post","link":"https:\/\/bobvarela.com\/?p=164676","title":{"rendered":"Desfile de Kris Goyri Primavera Verano 2025"},"content":{"rendered":"<p align=\"justify\"><font size=\"3\">La colecci\u00f3n Primavera Verano 2025 de Kris Goyri transport\u00f3 al p\u00fablico a una celebraci\u00f3n on\u00edrica de puestas de sol y naturaleza. En el coraz\u00f3n de su pasarela hab\u00eda un semic\u00edrculo naranja, que simbolizaba la puesta de sol, un motivo que parec\u00eda guiar su visi\u00f3n creativa a lo largo del desfile. Cuando surgi\u00f3 el primer look, un top bandeau azul unido por un anillo met\u00e1lico a una falda deconstruida con capas contrastantes de gasa plisada de color naranja y morado, estaba claro que Goyri hab\u00eda estado persiguiendo los colores y los estados de \u00e1nimo de los atardeceres a lo largo de las costas de Oaxaca.<\/font><\/p>\n<p align=\"justify\"><font size=\"3\">&#8220;He estado pensando en mirar al sol y ver c\u00f3mo se transforman los colores a su alrededor&#8221;, revel\u00f3 Goyri en el backstage. &#8220;Los p\u00e1jaros que pasan se convierten en seres m\u00edsticos a contraluz, y es un momento \u00fanico&#8221;. Esta sensaci\u00f3n de belleza ef\u00edmera se entretej\u00eda en el tejido mismo de sus dise\u00f1os, con sedas plisadas que flu\u00edan en vestidos de inspiraci\u00f3n bohemia, botones cubiertos de tela que adornaban cinturas y espaldas, y su caracter\u00edstica facilidad adoptaba una nueva exploraci\u00f3n de siluetas a medida.<\/font><\/p>\n<p align=\"justify\"><ins><font size=\"3\"><\/font><\/ins><\/p>\n<p align=\"justify\"><font size=\"3\">La visi\u00f3n de Goyri de un paisaje id\u00edlico al atardecer se expres\u00f3 tanto de manera literal como abstracta. Los p\u00e1jaros en vuelo, iluminados por el sol de la tarde, se convirtieron en adornos en minivestidos de tubo y tops de cors\u00e9. Un conjunto a juego de color naranja vibrante evocaba el reflejo del sol en el oc\u00e9ano, mientras que las fases de la luna se interpretaban sutilmente en monos, dando vida al misterio del cielo nocturno. Estos elementos celestes capturaron el encantador movimiento del tiempo y la luz, evocando una sensaci\u00f3n de quietud y reflexi\u00f3n.<\/font><\/p>\n<p align=\"justify\"><font size=\"3\">Equilibrando sus dise\u00f1os m\u00e1s po\u00e9ticos hab\u00eda piezas s\u00f3lidas y ponibles. Un vestido marr\u00f3n transparente con mangas fluidas agreg\u00f3 un toque terrenal pero et\u00e9reo, mientras que un minivestido de l\u00ednea A inspirado en los a\u00f1os 60 ofreci\u00f3 un gui\u00f1o a la simplicidad cl\u00e1sica. Goyri tambi\u00e9n incorpor\u00f3 piezas del d\u00eda a d\u00eda con un toque din\u00e1mico, como un top asim\u00e9trico combinado con una falda con dos aberturas y un traje de falda con estampado geom\u00e9trico que se sent\u00eda divertido y funcional.<\/font><\/p>\n<p align=\"justify\"><ins><font size=\"3\"><\/font><\/ins><\/p>\n<p align=\"justify\"><font size=\"3\">El dise\u00f1ador habl\u00f3 de su deseo de capturar una sensaci\u00f3n de alegr\u00eda y anhelo por los momentos despreocupados de los a\u00f1os 90, y este sentimiento reson\u00f3 durante todo el desfile. Con sus colores radiantes, detalles caprichosos y siluetas frescas, la colecci\u00f3n SS25 de Kris Goyri fue una celebraci\u00f3n de la vida, una invitaci\u00f3n a saborear la belleza de una puesta de sol fugaz, con toda la vitalidad y la alegr\u00eda que aporta.<\/font><\/p>\n<p align=\"justify\"><strong><font size=\"3\">ngg_shortcode_0_placeholder<\/font><\/strong><\/p>\n","protected":false},"excerpt":{"rendered":"<p>La colecci\u00f3n Primavera Verano 2025 de Kris Goyri transport\u00f3 al p\u00fablico a una celebraci\u00f3n on\u00edrica de puestas de sol y naturaleza. En el coraz\u00f3n de su pasarela hab\u00eda un semic\u00edrculo naranja, que simbolizaba la puesta de sol, un motivo que&hellip;<\/p>\n<p class=\"more-link-p\"><a class=\"more-link\" href=\"https:\/\/bobvarela.com\/?p=164676\">Read more &rarr;<\/a><\/p>\n","protected":false},"author":1,"featured_media":0,"comment_status":"open","ping_status":"open","sticky":false,"template":"","format":"standard","meta":{"ngg_post_thumbnail":0,"footnotes":""},"categories":[4],"tags":[],"class_list":["post-164676","post","type-post","status-publish","format-standard","hentry","category-moda"],"_links":{"self":[{"href":"https:\/\/bobvarela.com\/index.php?rest_route=\/wp\/v2\/posts\/164676","targetHints":{"allow":["GET"]}}],"collection":[{"href":"https:\/\/bobvarela.com\/index.php?rest_route=\/wp\/v2\/posts"}],"about":[{"href":"https:\/\/bobvarela.com\/index.php?rest_route=\/wp\/v2\/types\/post"}],"author":[{"embeddable":true,"href":"https:\/\/bobvarela.com\/index.php?rest_route=\/wp\/v2\/users\/1"}],"replies":[{"embeddable":true,"href":"https:\/\/bobvarela.com\/index.php?rest_route=%2Fwp%2Fv2%2Fcomments&post=164676"}],"version-history":[{"count":1,"href":"https:\/\/bobvarela.com\/index.php?rest_route=\/wp\/v2\/posts\/164676\/revisions"}],"predecessor-version":[{"id":164677,"href":"https:\/\/bobvarela.com\/index.php?rest_route=\/wp\/v2\/posts\/164676\/revisions\/164677"}],"wp:attachment":[{"href":"https:\/\/bobvarela.com\/index.php?rest_route=%2Fwp%2Fv2%2Fmedia&parent=164676"}],"wp:term":[{"taxonomy":"category","embeddable":true,"href":"https:\/\/bobvarela.com\/index.php?rest_route=%2Fwp%2Fv2%2Fcategories&post=164676"},{"taxonomy":"post_tag","embeddable":true,"href":"https:\/\/bobvarela.com\/index.php?rest_route=%2Fwp%2Fv2%2Ftags&post=164676"}],"curies":[{"name":"wp","href":"https:\/\/api.w.org\/{rel}","templated":true}]}}